{"id":371,"date":"2021-11-12T15:06:55","date_gmt":"2021-11-12T14:06:55","guid":{"rendered":"http:\/\/comedepreville.fr\/?page_id=371"},"modified":"2025-02-11T18:55:29","modified_gmt":"2025-02-11T17:55:29","slug":"d-erevan-a-goris","status":"publish","type":"post","link":"https:\/\/comedepreville.fr\/en\/reportage\/sous-reportage\/d-erevan-a-goris\/","title":{"rendered":"From Yerevan to Goris"},"content":{"rendered":"<div data-elementor-type=\"wp-page\" data-elementor-id=\"371\" class=\"elementor elementor-371\" data-elementor-post-type=\"post\">\n\t\t\t\t\t\t<section class=\"elementor-section elementor-top-section elementor-element elementor-element-8f2149 elementor-section-boxed elementor-section-height-default elementor-section-height-default\" data-id=\"8f2149\" data-element_type=\"section\" data-e-type=\"section\">\n\t\t\t\t\t\t<div class=\"elementor-container elementor-column-gap-default\">\n\t\t\t\t\t<div class=\"elementor-column elementor-col-100 elementor-top-column elementor-element elementor-element-73d53f6\" data-id=\"73d53f6\" data-element_type=\"column\" data-e-type=\"column\">\n\t\t\t<div class=\"elementor-widget-wrap elementor-element-populated\">\n\t\t\t\t\t\t<div class=\"elementor-element elementor-element-eff9991 elementor-widget elementor-widget-heading\" data-id=\"eff9991\" data-element_type=\"widget\" data-e-type=\"widget\" data-widget_type=\"heading.default\">\n\t\t\t\t<div class=\"elementor-widget-container\">\n\t\t\t\t\t<h2 class=\"elementor-heading-title elementor-size-default\">terre de contrastes<\/h2>\t\t\t\t<\/div>\n\t\t\t\t<\/div>\n\t\t\t\t<div class=\"elementor-element elementor-element-4253 elementor-widget-divider--view-line elementor-widget elementor-widget-global elementor-global-4253 elementor-widget-divider\" data-id=\"4253\" data-element_type=\"widget\" data-e-type=\"widget\" data-widget_type=\"divider.default\">\n\t\t\t\t<div class=\"elementor-widget-container\">\n\t\t\t\t\t\t\t<div class=\"elementor-divider\">\n\t\t\t<span class=\"elementor-divider-separator\">\n\t\t\t\t\t\t<\/span>\n\t\t<\/div>\n\t\t\t\t\t\t<\/div>\n\t\t\t\t<\/div>\n\t\t\t\t<div class=\"elementor-element elementor-element-22fb7835 elementor-widget elementor-widget-text-editor\" data-id=\"22fb7835\" data-element_type=\"widget\" data-e-type=\"widget\" data-widget_type=\"text-editor.default\">\n\t\t\t\t<div class=\"elementor-widget-container\">\n\t\t\t\t\t\t\t\t\t<p>Quels contrastes entre la flamboyante capitale de l&rsquo;Arm\u00e9nie, Erevan, les longues routes de Sisian, la qui\u00e9tude Goris, et la brume des gorges de\u00a0Khndzoresk ! Longues heures de route \u00e0 osciller entre montagnes pierreuses, vall\u00e9es verdoyantes, monast\u00e8res perch\u00e9s ou villages isol\u00e9s &#8230;<\/p><p>Pour ces derniers jours de mon reportage photo en Arm\u00e9nie, je passe un peu de temps au s\u00e9minaire d&rsquo;Erevan, chez le P\u00e8re Mashtots. Chaque jour est une occasion de parcourir la capitale arm\u00e9nienne, sous la chaleur de 40\u00b0C et le soleil lourd &#8211; qui n&rsquo;aide pas vraiment \u00e0 trouver de belles lumi\u00e8res &#8230;<\/p><p>Petites places du centre-ville, m\u00e9morial du g\u00e9nocide, fontaines de la R\u00e9publique &#8230; tous ces lieux sont magnifiques, mais celui qui me marque le plus est le cimeti\u00e8re militaire d&rsquo;Erevan, Yerablur. Les drapeaux arm\u00e9niens flottent sur les 800 tombes des soldats tomb\u00e9s au Haut-Karabakh, et les \u00e2ges d\u00e9filent, vertigineusement bas : 22, 21, 20, 18 &#8230; je ne suis pas autoris\u00e9 \u00e0 prendre en photos les lieux, <a href=\"https:\/\/www.google.com\/search?q=yerablur&amp;rlz=1C1VDKB_frFR948FR948&amp;source=lnms&amp;tbm=isch&amp;sa=X&amp;ved=2ahUKEwi4m6mb9IH1AhXE0eAKHcu_DwkQ_AUoAXoECAIQAw&amp;biw=1200&amp;bih=657&amp;dpr=2.5\">mais des images sont disponibles ici<\/a>.<\/p><p>Apr\u00e8s un bref retour \u00e0 Tsaghkadzor, je pars avec deux volontaires de l&rsquo;\u0152uvre vers le sud de l&rsquo;Arm\u00e9nie. Sur la route, les paysages d\u00e9filent et ne se ressemblent pas, jusqu&rsquo;au monast\u00e8re de Tatev, proche de la petite ville de Goris. La paix de ce lieu r\u00e9sonne particuli\u00e8rement, puisque le Corridor de Latchin, porte d&rsquo;entr\u00e9e du Haut-Karabagh, n&rsquo;est qu\u00e0 quelques kilom\u00e8tres.<\/p><p>Le retour vers Erevan est l&rsquo;occasion de passer par de derni\u00e8res petites villes avant de prendre l&rsquo;avion vers Paris, au terme d&rsquo;un mois pass\u00e9 dans ce pays extraordinaire qu&rsquo;est l&rsquo;Arm\u00e9nie. Longue vie aux arm\u00e9niens !<\/p>\t\t\t\t\t\t\t\t<\/div>\n\t\t\t\t<\/div>\n\t\t\t\t<div class=\"elementor-element elementor-element-7fb204ba elementor-widget elementor-widget-spacer\" data-id=\"7fb204ba\" data-element_type=\"widget\" data-e-type=\"widget\" data-widget_type=\"spacer.default\">\n\t\t\t\t<div class=\"elementor-widget-container\">\n\t\t\t\t\t\t\t<div class=\"elementor-spacer\">\n\t\t\t<div class=\"elementor-spacer-inner\"><\/div>\n\t\t<\/div>\n\t\t\t\t\t\t<\/div>\n\t\t\t\t<\/div>\n\t\t\t\t\t<\/div>\n\t\t<\/div>\n\t\t\t\t\t<\/div>\n\t\t<\/section>\n\t\t\t\t<section class=\"elementor-section elementor-top-section elementor-element elementor-element-6d8b3b8e elementor-section-boxed elementor-section-height-default elementor-section-height-default\" data-id=\"6d8b3b8e\" data-element_type=\"section\" data-e-type=\"section\">\n\t\t\t\t\t\t<div class=\"elementor-container elementor-column-gap-default\">\n\t\t\t\t\t<div class=\"elementor-column elementor-col-100 elementor-top-column elementor-element elementor-element-337b91df\" data-id=\"337b91df\" data-element_type=\"column\" data-e-type=\"column\">\n\t\t\t<div class=\"elementor-widget-wrap elementor-element-populated\">\n\t\t\t\t\t\t<div class=\"elementor-element elementor-element-2a940fd3 elementor-widget elementor-widget-gallery\" data-id=\"2a940fd3\" data-element_type=\"widget\" data-e-type=\"widget\" data-settings=\"{&quot;gallery_layout&quot;:&quot;justified&quot;,&quot;ideal_row_height&quot;:{&quot;unit&quot;:&quot;px&quot;,&quot;size&quot;:339,&quot;sizes&quot;:[]},&quot;gap&quot;:{&quot;unit&quot;:&quot;px&quot;,&quot;size&quot;:33,&quot;sizes&quot;:[]},&quot;overlay_title&quot;:&quot;title&quot;,&quot;lazyload&quot;:&quot;yes&quot;,&quot;ideal_row_height_tablet&quot;:{&quot;unit&quot;:&quot;px&quot;,&quot;size&quot;:150,&quot;sizes&quot;:[]},&quot;ideal_row_height_mobile&quot;:{&quot;unit&quot;:&quot;px&quot;,&quot;size&quot;:150,&quot;sizes&quot;:[]},&quot;gap_tablet&quot;:{&quot;unit&quot;:&quot;px&quot;,&quot;size&quot;:10,&quot;sizes&quot;:[]},&quot;gap_mobile&quot;:{&quot;unit&quot;:&quot;px&quot;,&quot;size&quot;:10,&quot;sizes&quot;:[]},&quot;link_to&quot;:&quot;file&quot;,&quot;overlay_background&quot;:&quot;yes&quot;,&quot;content_hover_animation&quot;:&quot;fade-in&quot;}\" data-widget_type=\"gallery.default\">\n\t\t\t\t<div class=\"elementor-widget-container\">\n\t\t\t\t\t\t\t<div class=\"elementor-gallery__container\">\n\t\t\t\t\t\t\t<a class=\"e-gallery-item elementor-gallery-item elementor-animated-content\" href=\"https:\/\/comedepreville.fr\/wp-content\/uploads\/2021\/11\/Armenie-Come-2021-89.jpg\" data-elementor-open-lightbox=\"yes\" data-elementor-lightbox-slideshow=\"2a940fd3\" data-elementor-lightbox-description=\"Le m\u00e9morial du g\u00e9nocide arm\u00e9nien, \u00e0 Erevan.\" data-e-action-hash=\"#elementor-action%3Aaction%3Dlightbox%26settings%3DeyJpZCI6NDE5LCJ1cmwiOiJodHRwczpcL1wvY29tZWRlcHJldmlsbGUuZnJcL3dwLWNvbnRlbnRcL3VwbG9hZHNcLzIwMjFcLzExXC9Bcm1lbmllLUNvbWUtMjAyMS04OS5qcGciLCJzbGlkZXNob3ciOiIyYTk0MGZkMyJ9\">\n\t\t\t\t\t<div class=\"e-gallery-image elementor-gallery-item__image\" data-thumbnail=\"https:\/\/comedepreville.fr\/wp-content\/uploads\/2021\/11\/Armenie-Come-2021-89-768x1024.jpg\" data-width=\"768\" data-height=\"1024\" aria-label=\"erevan arm\u00e9nie\" role=\"img\" ><\/div>\n\t\t\t\t\t\t\t\t\t\t\t<div class=\"elementor-gallery-item__overlay\"><\/div>\n\t\t\t\t\t\t\t\t\t\t\t\t\t\t\t<div class=\"elementor-gallery-item__content\">\n\t\t\t\t\t\t\t\t\t\t\t\t\t\t<div class=\"elementor-gallery-item__title\">\n\t\t\t\t\t\t\t\t\t\t\t\t\t\t\t\t\t\tFl\u00e8che du m\u00e9morial du g\u00e9nocide\t\t\t\t\t\t\t\t<\/div>\n\t\t\t\t\t\t\t\t\t\t\t\t<\/div>\n\t\t\t\t\t\t\t\t\t<\/a>\n\t\t\t\t\t\t\t<a class=\"e-gallery-item elementor-gallery-item elementor-animated-content\" href=\"https:\/\/comedepreville.fr\/wp-content\/uploads\/2021\/11\/Armenie-Come-2021-91.jpg\" data-elementor-open-lightbox=\"yes\" data-elementor-lightbox-slideshow=\"2a940fd3\" data-elementor-lightbox-description=\"La capitale de l\u2019Arm\u00e9nie a sa pauvret\u00e9 aussi \u2026\" data-e-action-hash=\"#elementor-action%3Aaction%3Dlightbox%26settings%3DeyJpZCI6NDE3LCJ1cmwiOiJodHRwczpcL1wvY29tZWRlcHJldmlsbGUuZnJcL3dwLWNvbnRlbnRcL3VwbG9hZHNcLzIwMjFcLzExXC9Bcm1lbmllLUNvbWUtMjAyMS05MS5qcGciLCJzbGlkZXNob3ciOiIyYTk0MGZkMyJ9\">\n\t\t\t\t\t<div class=\"e-gallery-image elementor-gallery-item__image\" data-thumbnail=\"https:\/\/comedepreville.fr\/wp-content\/uploads\/2021\/11\/Armenie-Come-2021-91-1024x768.jpg\" data-width=\"800\" data-height=\"600\" aria-label=\"erevan arm\u00e9nie\" role=\"img\" ><\/div>\n\t\t\t\t\t\t\t\t\t\t\t<div class=\"elementor-gallery-item__overlay\"><\/div>\n\t\t\t\t\t\t\t\t\t\t\t\t\t\t\t<div class=\"elementor-gallery-item__content\">\n\t\t\t\t\t\t\t\t\t\t\t\t\t\t<div class=\"elementor-gallery-item__title\">\n\t\t\t\t\t\t\t\t\t\t\t\t\t\t\t\t\t\tSDF\t\t\t\t\t\t\t\t<\/div>\n\t\t\t\t\t\t\t\t\t\t\t\t<\/div>\n\t\t\t\t\t\t\t\t\t<\/a>\n\t\t\t\t\t\t\t<a class=\"e-gallery-item elementor-gallery-item elementor-animated-content\" href=\"https:\/\/comedepreville.fr\/wp-content\/uploads\/2021\/11\/Armenie-Come-2021-92.jpg\" data-elementor-open-lightbox=\"yes\" data-elementor-lightbox-slideshow=\"2a940fd3\" data-elementor-lightbox-description=\"Un chauffeur de taxi \u00e0 Erevan.\" data-e-action-hash=\"#elementor-action%3Aaction%3Dlightbox%26settings%3DeyJpZCI6NDE2LCJ1cmwiOiJodHRwczpcL1wvY29tZWRlcHJldmlsbGUuZnJcL3dwLWNvbnRlbnRcL3VwbG9hZHNcLzIwMjFcLzExXC9Bcm1lbmllLUNvbWUtMjAyMS05Mi5qcGciLCJzbGlkZXNob3ciOiIyYTk0MGZkMyJ9\">\n\t\t\t\t\t<div class=\"e-gallery-image elementor-gallery-item__image\" data-thumbnail=\"https:\/\/comedepreville.fr\/wp-content\/uploads\/2021\/11\/Armenie-Come-2021-92-678x1024.jpg\" data-width=\"678\" data-height=\"1024\" aria-label=\"erevan arm\u00e9nie\" role=\"img\" ><\/div>\n\t\t\t\t\t\t\t\t\t\t\t<div class=\"elementor-gallery-item__overlay\"><\/div>\n\t\t\t\t\t\t\t\t\t\t\t\t\t\t\t<div class=\"elementor-gallery-item__content\">\n\t\t\t\t\t\t\t\t\t\t\t\t\t\t<div class=\"elementor-gallery-item__title\">\n\t\t\t\t\t\t\t\t\t\t\t\t\t\t\t\t\t\tPortrait en taxi\t\t\t\t\t\t\t\t<\/div>\n\t\t\t\t\t\t\t\t\t\t\t\t<\/div>\n\t\t\t\t\t\t\t\t\t<\/a>\n\t\t\t\t\t\t\t<a class=\"e-gallery-item elementor-gallery-item elementor-animated-content\" href=\"https:\/\/comedepreville.fr\/wp-content\/uploads\/2021\/11\/Armenie-Come-2021-93.jpg\" data-elementor-open-lightbox=\"yes\" data-elementor-lightbox-slideshow=\"2a940fd3\" data-elementor-lightbox-description=\"Sc\u00e8ne de vie au c\u0153ur d\u2019Erevan.\" data-e-action-hash=\"#elementor-action%3Aaction%3Dlightbox%26settings%3DeyJpZCI6NDE1LCJ1cmwiOiJodHRwczpcL1wvY29tZWRlcHJldmlsbGUuZnJcL3dwLWNvbnRlbnRcL3VwbG9hZHNcLzIwMjFcLzExXC9Bcm1lbmllLUNvbWUtMjAyMS05My5qcGciLCJzbGlkZXNob3ciOiIyYTk0MGZkMyJ9\">\n\t\t\t\t\t<div class=\"e-gallery-image elementor-gallery-item__image\" data-thumbnail=\"https:\/\/comedepreville.fr\/wp-content\/uploads\/2021\/11\/Armenie-Come-2021-93-678x1024.jpg\" data-width=\"678\" data-height=\"1024\" aria-label=\"erevan arm\u00e9nie\" role=\"img\" ><\/div>\n\t\t\t\t\t\t\t\t\t\t\t<div class=\"elementor-gallery-item__overlay\"><\/div>\n\t\t\t\t\t\t\t\t\t\t\t\t\t\t\t<div class=\"elementor-gallery-item__content\">\n\t\t\t\t\t\t\t\t\t\t\t\t\t\t<div class=\"elementor-gallery-item__title\">\n\t\t\t\t\t\t\t\t\t\t\t\t\t\t\t\t\t\tErevan\t\t\t\t\t\t\t\t<\/div>\n\t\t\t\t\t\t\t\t\t\t\t\t<\/div>\n\t\t\t\t\t\t\t\t\t<\/a>\n\t\t\t\t\t\t\t<a class=\"e-gallery-item elementor-gallery-item elementor-animated-content\" href=\"https:\/\/comedepreville.fr\/wp-content\/uploads\/2021\/11\/Armenie-Come-2021-95.jpg\" data-elementor-open-lightbox=\"yes\" data-elementor-lightbox-slideshow=\"2a940fd3\" data-elementor-lightbox-description=\"Erevan vue depuis les hauteurs de l&#039;antenne SOS Chr\u00e9tiens d&#039;Orient.\" data-e-action-hash=\"#elementor-action%3Aaction%3Dlightbox%26settings%3DeyJpZCI6NDEzLCJ1cmwiOiJodHRwczpcL1wvY29tZWRlcHJldmlsbGUuZnJcL3dwLWNvbnRlbnRcL3VwbG9hZHNcLzIwMjFcLzExXC9Bcm1lbmllLUNvbWUtMjAyMS05NS5qcGciLCJzbGlkZXNob3ciOiIyYTk0MGZkMyJ9\">\n\t\t\t\t\t<div class=\"e-gallery-image elementor-gallery-item__image\" data-thumbnail=\"https:\/\/comedepreville.fr\/wp-content\/uploads\/2021\/11\/Armenie-Come-2021-95-1024x678.jpg\" data-width=\"800\" data-height=\"530\" aria-label=\"erevan arm\u00e9nie\" role=\"img\" ><\/div>\n\t\t\t\t\t\t\t\t\t\t\t<div class=\"elementor-gallery-item__overlay\"><\/div>\n\t\t\t\t\t\t\t\t\t\t\t\t\t\t\t<div class=\"elementor-gallery-item__content\">\n\t\t\t\t\t\t\t\t\t\t\t\t\t\t<div class=\"elementor-gallery-item__title\">\n\t\t\t\t\t\t\t\t\t\t\t\t\t\t\t\t\t\tErevan\t\t\t\t\t\t\t\t<\/div>\n\t\t\t\t\t\t\t\t\t\t\t\t<\/div>\n\t\t\t\t\t\t\t\t\t<\/a>\n\t\t\t\t\t\t\t<a class=\"e-gallery-item elementor-gallery-item elementor-animated-content\" href=\"https:\/\/comedepreville.fr\/wp-content\/uploads\/2021\/11\/Armenie-Come-2021-97.jpg\" data-elementor-open-lightbox=\"yes\" data-elementor-lightbox-slideshow=\"2a940fd3\" data-elementor-lightbox-description=\"Soir\u00e9e narguil\u00e9 &amp; bi\u00e8re \u00e0 Erevan, Arm\u00e9nie.\" data-e-action-hash=\"#elementor-action%3Aaction%3Dlightbox%26settings%3DeyJpZCI6NDEyLCJ1cmwiOiJodHRwczpcL1wvY29tZWRlcHJldmlsbGUuZnJcL3dwLWNvbnRlbnRcL3VwbG9hZHNcLzIwMjFcLzExXC9Bcm1lbmllLUNvbWUtMjAyMS05Ny5qcGciLCJzbGlkZXNob3ciOiIyYTk0MGZkMyJ9\">\n\t\t\t\t\t<div class=\"e-gallery-image elementor-gallery-item__image\" data-thumbnail=\"https:\/\/comedepreville.fr\/wp-content\/uploads\/2021\/11\/Armenie-Come-2021-97-678x1024.jpg\" data-width=\"678\" data-height=\"1024\" aria-label=\"erevan arm\u00e9nie\" role=\"img\" ><\/div>\n\t\t\t\t\t\t\t\t\t\t\t<div class=\"elementor-gallery-item__overlay\"><\/div>\n\t\t\t\t\t\t\t\t\t\t\t\t\t\t\t<div class=\"elementor-gallery-item__content\">\n\t\t\t\t\t\t\t\t\t\t\t\t\t\t<div class=\"elementor-gallery-item__title\">\n\t\t\t\t\t\t\t\t\t\t\t\t\t\t\t\t\t\tNarguil\u00e9\t\t\t\t\t\t\t\t<\/div>\n\t\t\t\t\t\t\t\t\t\t\t\t<\/div>\n\t\t\t\t\t\t\t\t\t<\/a>\n\t\t\t\t\t\t\t<a class=\"e-gallery-item elementor-gallery-item elementor-animated-content\" href=\"https:\/\/comedepreville.fr\/wp-content\/uploads\/2021\/11\/Armenie-Come-2021-98.jpg\" data-elementor-open-lightbox=\"yes\" data-elementor-lightbox-slideshow=\"2a940fd3\" data-elementor-lightbox-description=\"Architecture d\u2019Erevan.\" data-e-action-hash=\"#elementor-action%3Aaction%3Dlightbox%26settings%3DeyJpZCI6NDExLCJ1cmwiOiJodHRwczpcL1wvY29tZWRlcHJldmlsbGUuZnJcL3dwLWNvbnRlbnRcL3VwbG9hZHNcLzIwMjFcLzExXC9Bcm1lbmllLUNvbWUtMjAyMS05OC5qcGciLCJzbGlkZXNob3ciOiIyYTk0MGZkMyJ9\">\n\t\t\t\t\t<div class=\"e-gallery-image elementor-gallery-item__image\" data-thumbnail=\"https:\/\/comedepreville.fr\/wp-content\/uploads\/2021\/11\/Armenie-Come-2021-98-768x1024.jpg\" data-width=\"768\" data-height=\"1024\" aria-label=\"erevan arm\u00e9nie\" role=\"img\" ><\/div>\n\t\t\t\t\t\t\t\t\t\t\t<div class=\"elementor-gallery-item__overlay\"><\/div>\n\t\t\t\t\t\t\t\t\t\t\t\t\t\t\t<div class=\"elementor-gallery-item__content\">\n\t\t\t\t\t\t\t\t\t\t\t\t\t\t<div class=\"elementor-gallery-item__title\">\n\t\t\t\t\t\t\t\t\t\t\t\t\t\t\t\t\t\tBuilding\t\t\t\t\t\t\t\t<\/div>\n\t\t\t\t\t\t\t\t\t\t\t\t<\/div>\n\t\t\t\t\t\t\t\t\t<\/a>\n\t\t\t\t\t\t\t<a class=\"e-gallery-item elementor-gallery-item elementor-animated-content\" href=\"https:\/\/comedepreville.fr\/wp-content\/uploads\/2021\/11\/Armenie-Come-2021-99.jpg\" data-elementor-open-lightbox=\"yes\" data-elementor-lightbox-slideshow=\"2a940fd3\" data-elementor-lightbox-description=\"Chantier abandonn\u00e9, comme on en croise beaucoup dans les petites rues des banlieues d\u2019Erevan.\" data-e-action-hash=\"#elementor-action%3Aaction%3Dlightbox%26settings%3DeyJpZCI6NDEwLCJ1cmwiOiJodHRwczpcL1wvY29tZWRlcHJldmlsbGUuZnJcL3dwLWNvbnRlbnRcL3VwbG9hZHNcLzIwMjFcLzExXC9Bcm1lbmllLUNvbWUtMjAyMS05OS5qcGciLCJzbGlkZXNob3ciOiIyYTk0MGZkMyJ9\">\n\t\t\t\t\t<div class=\"e-gallery-image elementor-gallery-item__image\" data-thumbnail=\"https:\/\/comedepreville.fr\/wp-content\/uploads\/2021\/11\/Armenie-Come-2021-99-678x1024.jpg\" data-width=\"678\" data-height=\"1024\" aria-label=\"erevan arm\u00e9nie\" role=\"img\" ><\/div>\n\t\t\t\t\t\t\t\t\t\t\t<div class=\"elementor-gallery-item__overlay\"><\/div>\n\t\t\t\t\t\t\t\t\t\t\t\t\t\t\t<div class=\"elementor-gallery-item__content\">\n\t\t\t\t\t\t\t\t\t\t\t\t\t\t<div class=\"elementor-gallery-item__title\">\n\t\t\t\t\t\t\t\t\t\t\t\t\t\t\t\t\t\tChantier\t\t\t\t\t\t\t\t<\/div>\n\t\t\t\t\t\t\t\t\t\t\t\t<\/div>\n\t\t\t\t\t\t\t\t\t<\/a>\n\t\t\t\t\t\t\t<a class=\"e-gallery-item elementor-gallery-item elementor-animated-content\" href=\"https:\/\/comedepreville.fr\/wp-content\/uploads\/2021\/11\/Armenie-Come-2021-100.jpg\" data-elementor-open-lightbox=\"yes\" data-elementor-lightbox-slideshow=\"2a940fd3\" data-elementor-lightbox-description=\"Une bande de jeunes se prom\u00e8nent \u00e0 Erevan.\" data-e-action-hash=\"#elementor-action%3Aaction%3Dlightbox%26settings%3DeyJpZCI6NDA5LCJ1cmwiOiJodHRwczpcL1wvY29tZWRlcHJldmlsbGUuZnJcL3dwLWNvbnRlbnRcL3VwbG9hZHNcLzIwMjFcLzExXC9Bcm1lbmllLUNvbWUtMjAyMS0xMDAuanBnIiwic2xpZGVzaG93IjoiMmE5NDBmZDMifQ%3D%3D\">\n\t\t\t\t\t<div class=\"e-gallery-image elementor-gallery-item__image\" data-thumbnail=\"https:\/\/comedepreville.fr\/wp-content\/uploads\/2021\/11\/Armenie-Come-2021-100-1024x678.jpg\" data-width=\"800\" data-height=\"530\" aria-label=\"erevan arm\u00e9nie\" role=\"img\" ><\/div>\n\t\t\t\t\t\t\t\t\t\t\t<div class=\"elementor-gallery-item__overlay\"><\/div>\n\t\t\t\t\t\t\t\t\t\t\t\t\t\t\t<div class=\"elementor-gallery-item__content\">\n\t\t\t\t\t\t\t\t\t\t\t\t\t\t<div class=\"elementor-gallery-item__title\">\n\t\t\t\t\t\t\t\t\t\t\t\t\t\t\t\t\t\tJeunesse\t\t\t\t\t\t\t\t<\/div>\n\t\t\t\t\t\t\t\t\t\t\t\t<\/div>\n\t\t\t\t\t\t\t\t\t<\/a>\n\t\t\t\t\t\t\t<a class=\"e-gallery-item elementor-gallery-item elementor-animated-content\" href=\"https:\/\/comedepreville.fr\/wp-content\/uploads\/2021\/11\/Armenie-Come-2021-101.jpg\" data-elementor-open-lightbox=\"yes\" data-elementor-lightbox-slideshow=\"2a940fd3\" data-elementor-lightbox-description=\"Eglise orthodoxe d\u2019Erevan.\" data-e-action-hash=\"#elementor-action%3Aaction%3Dlightbox%26settings%3DeyJpZCI6NDA4LCJ1cmwiOiJodHRwczpcL1wvY29tZWRlcHJldmlsbGUuZnJcL3dwLWNvbnRlbnRcL3VwbG9hZHNcLzIwMjFcLzExXC9Bcm1lbmllLUNvbWUtMjAyMS0xMDEuanBnIiwic2xpZGVzaG93IjoiMmE5NDBmZDMifQ%3D%3D\">\n\t\t\t\t\t<div class=\"e-gallery-image elementor-gallery-item__image\" data-thumbnail=\"https:\/\/comedepreville.fr\/wp-content\/uploads\/2021\/11\/Armenie-Come-2021-101-1024x678.jpg\" data-width=\"800\" data-height=\"530\" aria-label=\"erevan arm\u00e9nie\" role=\"img\" ><\/div>\n\t\t\t\t\t\t\t\t\t\t\t<div class=\"elementor-gallery-item__overlay\"><\/div>\n\t\t\t\t\t\t\t\t\t\t\t\t\t\t\t<div class=\"elementor-gallery-item__content\">\n\t\t\t\t\t\t\t\t\t\t\t\t\t\t<div class=\"elementor-gallery-item__title\">\n\t\t\t\t\t\t\t\t\t\t\t\t\t\t\t\t\t\tEglise orthodoxe\t\t\t\t\t\t\t\t<\/div>\n\t\t\t\t\t\t\t\t\t\t\t\t<\/div>\n\t\t\t\t\t\t\t\t\t<\/a>\n\t\t\t\t\t\t\t<a class=\"e-gallery-item elementor-gallery-item elementor-animated-content\" href=\"https:\/\/comedepreville.fr\/wp-content\/uploads\/2021\/11\/Armenie-Come-2021-102.jpg\" data-elementor-open-lightbox=\"yes\" data-elementor-lightbox-slideshow=\"2a940fd3\" data-elementor-lightbox-description=\"Tee-shirts au \u00ab Vernissage \u00bb, march\u00e9 touristique d\u2019Erevan.\" data-e-action-hash=\"#elementor-action%3Aaction%3Dlightbox%26settings%3DeyJpZCI6NDA3LCJ1cmwiOiJodHRwczpcL1wvY29tZWRlcHJldmlsbGUuZnJcL3dwLWNvbnRlbnRcL3VwbG9hZHNcLzIwMjFcLzExXC9Bcm1lbmllLUNvbWUtMjAyMS0xMDIuanBnIiwic2xpZGVzaG93IjoiMmE5NDBmZDMifQ%3D%3D\">\n\t\t\t\t\t<div class=\"e-gallery-image elementor-gallery-item__image\" data-thumbnail=\"https:\/\/comedepreville.fr\/wp-content\/uploads\/2021\/11\/Armenie-Come-2021-102-678x1024.jpg\" data-width=\"678\" data-height=\"1024\" aria-label=\"erevan arm\u00e9nie\" role=\"img\" ><\/div>\n\t\t\t\t\t\t\t\t\t\t\t<div class=\"elementor-gallery-item__overlay\"><\/div>\n\t\t\t\t\t\t\t\t\t\t\t\t\t\t\t<div class=\"elementor-gallery-item__content\">\n\t\t\t\t\t\t\t\t\t\t\t\t\t\t<div class=\"elementor-gallery-item__title\">\n\t\t\t\t\t\t\t\t\t\t\t\t\t\t\t\t\t\tVernissage\t\t\t\t\t\t\t\t<\/div>\n\t\t\t\t\t\t\t\t\t\t\t\t<\/div>\n\t\t\t\t\t\t\t\t\t<\/a>\n\t\t\t\t\t\t\t<a class=\"e-gallery-item elementor-gallery-item elementor-animated-content\" href=\"https:\/\/comedepreville.fr\/wp-content\/uploads\/2021\/11\/Armenie-Come-2021-103.jpg\" data-elementor-open-lightbox=\"yes\" data-elementor-lightbox-slideshow=\"2a940fd3\" data-elementor-lightbox-description=\"Les \u00e9checs sont un jeu tr\u00e8s populaire en Arm\u00e9nie ; ici, place du march\u00e9, \u00e0 Erevan.\" data-e-action-hash=\"#elementor-action%3Aaction%3Dlightbox%26settings%3DeyJpZCI6NDA2LCJ1cmwiOiJodHRwczpcL1wvY29tZWRlcHJldmlsbGUuZnJcL3dwLWNvbnRlbnRcL3VwbG9hZHNcLzIwMjFcLzExXC9Bcm1lbmllLUNvbWUtMjAyMS0xMDMuanBnIiwic2xpZGVzaG93IjoiMmE5NDBmZDMifQ%3D%3D\">\n\t\t\t\t\t<div class=\"e-gallery-image elementor-gallery-item__image\" data-thumbnail=\"https:\/\/comedepreville.fr\/wp-content\/uploads\/2021\/11\/Armenie-Come-2021-103-1024x678.jpg\" data-width=\"800\" data-height=\"530\" aria-label=\"erevan arm\u00e9nie\" role=\"img\" ><\/div>\n\t\t\t\t\t\t\t\t\t\t\t<div class=\"elementor-gallery-item__overlay\"><\/div>\n\t\t\t\t\t\t\t\t\t\t\t\t\t\t\t<div class=\"elementor-gallery-item__content\">\n\t\t\t\t\t\t\t\t\t\t\t\t\t\t<div class=\"elementor-gallery-item__title\">\n\t\t\t\t\t\t\t\t\t\t\t\t\t\t\t\t\t\tEchec & mat\t\t\t\t\t\t\t\t<\/div>\n\t\t\t\t\t\t\t\t\t\t\t\t<\/div>\n\t\t\t\t\t\t\t\t\t<\/a>\n\t\t\t\t\t\t\t<a class=\"e-gallery-item elementor-gallery-item elementor-animated-content\" href=\"https:\/\/comedepreville.fr\/wp-content\/uploads\/2021\/11\/Armenie-Come-2021-104.jpg\" data-elementor-open-lightbox=\"yes\" data-elementor-lightbox-slideshow=\"2a940fd3\" data-elementor-lightbox-description=\"Portrait de rue improvis\u00e9.\" data-e-action-hash=\"#elementor-action%3Aaction%3Dlightbox%26settings%3DeyJpZCI6NDA1LCJ1cmwiOiJodHRwczpcL1wvY29tZWRlcHJldmlsbGUuZnJcL3dwLWNvbnRlbnRcL3VwbG9hZHNcLzIwMjFcLzExXC9Bcm1lbmllLUNvbWUtMjAyMS0xMDQuanBnIiwic2xpZGVzaG93IjoiMmE5NDBmZDMifQ%3D%3D\">\n\t\t\t\t\t<div class=\"e-gallery-image elementor-gallery-item__image\" data-thumbnail=\"https:\/\/comedepreville.fr\/wp-content\/uploads\/2021\/11\/Armenie-Come-2021-104-678x1024.jpg\" data-width=\"678\" data-height=\"1024\" aria-label=\"erevan arm\u00e9nie\" role=\"img\" ><\/div>\n\t\t\t\t\t\t\t\t\t\t\t<div class=\"elementor-gallery-item__overlay\"><\/div>\n\t\t\t\t\t\t\t\t\t\t\t\t\t\t\t<div class=\"elementor-gallery-item__content\">\n\t\t\t\t\t\t\t\t\t\t\t\t\t\t<div class=\"elementor-gallery-item__title\">\n\t\t\t\t\t\t\t\t\t\t\t\t\t\t\t\t\t\tPortait de rue\t\t\t\t\t\t\t\t<\/div>\n\t\t\t\t\t\t\t\t\t\t\t\t<\/div>\n\t\t\t\t\t\t\t\t\t<\/a>\n\t\t\t\t\t\t\t<a class=\"e-gallery-item elementor-gallery-item elementor-animated-content\" href=\"https:\/\/comedepreville.fr\/wp-content\/uploads\/2021\/11\/Armenie-Come-2021-105.jpg\" data-elementor-open-lightbox=\"yes\" data-elementor-lightbox-slideshow=\"2a940fd3\" data-elementor-lightbox-description=\"Minist\u00e8re des finances, \u00e0 Erevan.\" data-e-action-hash=\"#elementor-action%3Aaction%3Dlightbox%26settings%3DeyJpZCI6NDA0LCJ1cmwiOiJodHRwczpcL1wvY29tZWRlcHJldmlsbGUuZnJcL3dwLWNvbnRlbnRcL3VwbG9hZHNcLzIwMjFcLzExXC9Bcm1lbmllLUNvbWUtMjAyMS0xMDUuanBnIiwic2xpZGVzaG93IjoiMmE5NDBmZDMifQ%3D%3D\">\n\t\t\t\t\t<div class=\"e-gallery-image elementor-gallery-item__image\" data-thumbnail=\"https:\/\/comedepreville.fr\/wp-content\/uploads\/2021\/11\/Armenie-Come-2021-105-768x1024.jpg\" data-width=\"768\" data-height=\"1024\" aria-label=\"erevan arm\u00e9nie\" role=\"img\" ><\/div>\n\t\t\t\t\t\t\t\t\t\t\t<div class=\"elementor-gallery-item__overlay\"><\/div>\n\t\t\t\t\t\t\t\t\t\t\t\t\t\t\t<div class=\"elementor-gallery-item__content\">\n\t\t\t\t\t\t\t\t\t\t\t\t\t\t<div class=\"elementor-gallery-item__title\">\n\t\t\t\t\t\t\t\t\t\t\t\t\t\t\t\t\t\tMinist\u00e8re des finances\t\t\t\t\t\t\t\t<\/div>\n\t\t\t\t\t\t\t\t\t\t\t\t<\/div>\n\t\t\t\t\t\t\t\t\t<\/a>\n\t\t\t\t\t\t\t<a class=\"e-gallery-item elementor-gallery-item elementor-animated-content\" href=\"https:\/\/comedepreville.fr\/wp-content\/uploads\/2021\/11\/Armenie-Come-2021-106.jpg\" data-elementor-open-lightbox=\"yes\" data-elementor-lightbox-slideshow=\"2a940fd3\" data-elementor-lightbox-description=\"Place de la R\u00e9publique, \u00e0 Erevan.\" data-e-action-hash=\"#elementor-action%3Aaction%3Dlightbox%26settings%3DeyJpZCI6NDAzLCJ1cmwiOiJodHRwczpcL1wvY29tZWRlcHJldmlsbGUuZnJcL3dwLWNvbnRlbnRcL3VwbG9hZHNcLzIwMjFcLzExXC9Bcm1lbmllLUNvbWUtMjAyMS0xMDYuanBnIiwic2xpZGVzaG93IjoiMmE5NDBmZDMifQ%3D%3D\">\n\t\t\t\t\t<div class=\"e-gallery-image elementor-gallery-item__image\" data-thumbnail=\"https:\/\/comedepreville.fr\/wp-content\/uploads\/2021\/11\/Armenie-Come-2021-106-1024x678.jpg\" data-width=\"800\" data-height=\"530\" aria-label=\"erevan arm\u00e9nie\" role=\"img\" ><\/div>\n\t\t\t\t\t\t\t\t\t\t\t<div class=\"elementor-gallery-item__overlay\"><\/div>\n\t\t\t\t\t\t\t\t\t\t\t\t\t\t\t<div class=\"elementor-gallery-item__content\">\n\t\t\t\t\t\t\t\t\t\t\t\t\t\t<div class=\"elementor-gallery-item__title\">\n\t\t\t\t\t\t\t\t\t\t\t\t\t\t\t\t\t\tPlace de la R\u00e9publique\t\t\t\t\t\t\t\t<\/div>\n\t\t\t\t\t\t\t\t\t\t\t\t<\/div>\n\t\t\t\t\t\t\t\t\t<\/a>\n\t\t\t\t\t\t\t<a class=\"e-gallery-item elementor-gallery-item elementor-animated-content\" href=\"https:\/\/comedepreville.fr\/wp-content\/uploads\/2021\/11\/Armenie-Come-2021-107.jpg\" data-elementor-open-lightbox=\"yes\" data-elementor-lightbox-slideshow=\"2a940fd3\" data-elementor-lightbox-description=\"En voiture \u00e0 Erevan. Sur la droite, une station essence et ses gros n\u00e9ons rouges.\" data-e-action-hash=\"#elementor-action%3Aaction%3Dlightbox%26settings%3DeyJpZCI6NDAyLCJ1cmwiOiJodHRwczpcL1wvY29tZWRlcHJldmlsbGUuZnJcL3dwLWNvbnRlbnRcL3VwbG9hZHNcLzIwMjFcLzExXC9Bcm1lbmllLUNvbWUtMjAyMS0xMDcuanBnIiwic2xpZGVzaG93IjoiMmE5NDBmZDMifQ%3D%3D\">\n\t\t\t\t\t<div class=\"e-gallery-image elementor-gallery-item__image\" data-thumbnail=\"https:\/\/comedepreville.fr\/wp-content\/uploads\/2021\/11\/Armenie-Come-2021-107-1024x678.jpg\" data-width=\"800\" data-height=\"530\" aria-label=\"essence arm\u00e9nie erevan\" role=\"img\" ><\/div>\n\t\t\t\t\t\t\t\t\t\t\t<div class=\"elementor-gallery-item__overlay\"><\/div>\n\t\t\t\t\t\t\t\t\t\t\t\t\t\t\t<div class=\"elementor-gallery-item__content\">\n\t\t\t\t\t\t\t\t\t\t\t\t\t\t<div class=\"elementor-gallery-item__title\">\n\t\t\t\t\t\t\t\t\t\t\t\t\t\t\t\t\t\tStation essence\t\t\t\t\t\t\t\t<\/div>\n\t\t\t\t\t\t\t\t\t\t\t\t<\/div>\n\t\t\t\t\t\t\t\t\t<\/a>\n\t\t\t\t\t\t\t<a class=\"e-gallery-item elementor-gallery-item elementor-animated-content\" href=\"https:\/\/comedepreville.fr\/wp-content\/uploads\/2021\/11\/Armenie-Come-2021-108.jpg\" data-elementor-open-lightbox=\"yes\" data-elementor-lightbox-slideshow=\"2a940fd3\" data-elementor-lightbox-description=\"Sur la route, en direction de Goris, des hommes transportent une vache sur leur camionnette.\" data-e-action-hash=\"#elementor-action%3Aaction%3Dlightbox%26settings%3DeyJpZCI6NDAxLCJ1cmwiOiJodHRwczpcL1wvY29tZWRlcHJldmlsbGUuZnJcL3dwLWNvbnRlbnRcL3VwbG9hZHNcLzIwMjFcLzExXC9Bcm1lbmllLUNvbWUtMjAyMS0xMDguanBnIiwic2xpZGVzaG93IjoiMmE5NDBmZDMifQ%3D%3D\">\n\t\t\t\t\t<div class=\"e-gallery-image elementor-gallery-item__image\" data-thumbnail=\"https:\/\/comedepreville.fr\/wp-content\/uploads\/2021\/11\/Armenie-Come-2021-108-768x1024.jpg\" data-width=\"768\" data-height=\"1024\" aria-label=\"goris arm\u00e9nie\" role=\"img\" ><\/div>\n\t\t\t\t\t\t\t\t\t\t\t<div class=\"elementor-gallery-item__overlay\"><\/div>\n\t\t\t\t\t\t\t\t\t\t\t\t\t\t\t<div class=\"elementor-gallery-item__content\">\n\t\t\t\t\t\t\t\t\t\t\t\t\t\t<div class=\"elementor-gallery-item__title\">\n\t\t\t\t\t\t\t\t\t\t\t\t\t\t\t\t\t\tCow on the road\t\t\t\t\t\t\t\t<\/div>\n\t\t\t\t\t\t\t\t\t\t\t\t<\/div>\n\t\t\t\t\t\t\t\t\t<\/a>\n\t\t\t\t\t\t\t<a class=\"e-gallery-item elementor-gallery-item elementor-animated-content\" href=\"https:\/\/comedepreville.fr\/wp-content\/uploads\/2021\/11\/Armenie-Come-2021-109.jpg\" data-elementor-open-lightbox=\"yes\" data-elementor-lightbox-slideshow=\"2a940fd3\" data-elementor-lightbox-description=\"Brume \u00e9paisse dans les gorges de Khndzoresk. \" data-e-action-hash=\"#elementor-action%3Aaction%3Dlightbox%26settings%3DeyJpZCI6NDAwLCJ1cmwiOiJodHRwczpcL1wvY29tZWRlcHJldmlsbGUuZnJcL3dwLWNvbnRlbnRcL3VwbG9hZHNcLzIwMjFcLzExXC9Bcm1lbmllLUNvbWUtMjAyMS0xMDkuanBnIiwic2xpZGVzaG93IjoiMmE5NDBmZDMifQ%3D%3D\">\n\t\t\t\t\t<div class=\"e-gallery-image elementor-gallery-item__image\" data-thumbnail=\"https:\/\/comedepreville.fr\/wp-content\/uploads\/2021\/11\/Armenie-Come-2021-109-1024x768.jpg\" data-width=\"800\" data-height=\"600\" aria-label=\"Khndzoresk arm\u00e9nie\" role=\"img\" ><\/div>\n\t\t\t\t\t\t\t\t\t\t\t<div class=\"elementor-gallery-item__overlay\"><\/div>\n\t\t\t\t\t\t\t\t\t\t\t\t\t\t\t<div class=\"elementor-gallery-item__content\">\n\t\t\t\t\t\t\t\t\t\t\t\t\t\t<div class=\"elementor-gallery-item__title\">\n\t\t\t\t\t\t\t\t\t\t\t\t\t\t\t\t\t\tBrume sur Khndzoresk\t\t\t\t\t\t\t\t<\/div>\n\t\t\t\t\t\t\t\t\t\t\t\t<\/div>\n\t\t\t\t\t\t\t\t\t<\/a>\n\t\t\t\t\t\t\t<a class=\"e-gallery-item elementor-gallery-item elementor-animated-content\" href=\"https:\/\/comedepreville.fr\/wp-content\/uploads\/2021\/11\/Armenie-Come-2021-110.jpg\" data-elementor-open-lightbox=\"yes\" data-elementor-lightbox-slideshow=\"2a940fd3\" data-elementor-lightbox-description=\"Le fameux pont de Khndzoresk s\u2019enfonce dans la brume vers les grottes troglodytes ...\" data-e-action-hash=\"#elementor-action%3Aaction%3Dlightbox%26settings%3DeyJpZCI6Mzk5LCJ1cmwiOiJodHRwczpcL1wvY29tZWRlcHJldmlsbGUuZnJcL3dwLWNvbnRlbnRcL3VwbG9hZHNcLzIwMjFcLzExXC9Bcm1lbmllLUNvbWUtMjAyMS0xMTAuanBnIiwic2xpZGVzaG93IjoiMmE5NDBmZDMifQ%3D%3D\">\n\t\t\t\t\t<div class=\"e-gallery-image elementor-gallery-item__image\" data-thumbnail=\"https:\/\/comedepreville.fr\/wp-content\/uploads\/2021\/11\/Armenie-Come-2021-110-768x1024.jpg\" data-width=\"768\" data-height=\"1024\" aria-label=\"Khndzoresk arm\u00e9nie\" role=\"img\" ><\/div>\n\t\t\t\t\t\t\t\t\t\t\t<div class=\"elementor-gallery-item__overlay\"><\/div>\n\t\t\t\t\t\t\t\t\t\t\t\t\t\t\t<div class=\"elementor-gallery-item__content\">\n\t\t\t\t\t\t\t\t\t\t\t\t\t\t<div class=\"elementor-gallery-item__title\">\n\t\t\t\t\t\t\t\t\t\t\t\t\t\t\t\t\t\tLe pont de Khndzoresk\t\t\t\t\t\t\t\t<\/div>\n\t\t\t\t\t\t\t\t\t\t\t\t<\/div>\n\t\t\t\t\t\t\t\t\t<\/a>\n\t\t\t\t\t\t\t<a class=\"e-gallery-item elementor-gallery-item elementor-animated-content\" href=\"https:\/\/comedepreville.fr\/wp-content\/uploads\/2021\/11\/Armenie-Come-2021-111.jpg\" data-elementor-open-lightbox=\"yes\" data-elementor-lightbox-slideshow=\"2a940fd3\" data-elementor-lightbox-description=\"Mathilde et Constance \u00e0 la d\u00e9couverte des habitations troglodytes et des ruines de Khndzoresk.\" data-e-action-hash=\"#elementor-action%3Aaction%3Dlightbox%26settings%3DeyJpZCI6Mzk4LCJ1cmwiOiJodHRwczpcL1wvY29tZWRlcHJldmlsbGUuZnJcL3dwLWNvbnRlbnRcL3VwbG9hZHNcLzIwMjFcLzExXC9Bcm1lbmllLUNvbWUtMjAyMS0xMTEuanBnIiwic2xpZGVzaG93IjoiMmE5NDBmZDMifQ%3D%3D\">\n\t\t\t\t\t<div class=\"e-gallery-image elementor-gallery-item__image\" data-thumbnail=\"https:\/\/comedepreville.fr\/wp-content\/uploads\/2021\/11\/Armenie-Come-2021-111-1024x768.jpg\" data-width=\"800\" data-height=\"600\" aria-label=\"Khndzoresk arm\u00e9nie\" role=\"img\" ><\/div>\n\t\t\t\t\t\t\t\t\t\t\t<div class=\"elementor-gallery-item__overlay\"><\/div>\n\t\t\t\t\t\t\t\t\t\t\t\t\t\t\t<div class=\"elementor-gallery-item__content\">\n\t\t\t\t\t\t\t\t\t\t\t\t\t\t<div class=\"elementor-gallery-item__title\">\n\t\t\t\t\t\t\t\t\t\t\t\t\t\t\t\t\t\tD\u00e9couverte\t\t\t\t\t\t\t\t<\/div>\n\t\t\t\t\t\t\t\t\t\t\t\t<\/div>\n\t\t\t\t\t\t\t\t\t<\/a>\n\t\t\t\t\t\t\t<a class=\"e-gallery-item elementor-gallery-item elementor-animated-content\" href=\"https:\/\/comedepreville.fr\/wp-content\/uploads\/2021\/11\/Armenie-Come-2021-112.jpg\" data-elementor-open-lightbox=\"yes\" data-elementor-lightbox-slideshow=\"2a940fd3\" data-elementor-lightbox-description=\"Une chapelle \u00e9merge au beau milieu de la for\u00eat de Khndzoresk ; en arri\u00e8re-plan, les falaises perc\u00e9es d\u2019habitations troglodytes.\" data-e-action-hash=\"#elementor-action%3Aaction%3Dlightbox%26settings%3DeyJpZCI6Mzk3LCJ1cmwiOiJodHRwczpcL1wvY29tZWRlcHJldmlsbGUuZnJcL3dwLWNvbnRlbnRcL3VwbG9hZHNcLzIwMjFcLzExXC9Bcm1lbmllLUNvbWUtMjAyMS0xMTIuanBnIiwic2xpZGVzaG93IjoiMmE5NDBmZDMifQ%3D%3D\">\n\t\t\t\t\t<div class=\"e-gallery-image elementor-gallery-item__image\" data-thumbnail=\"https:\/\/comedepreville.fr\/wp-content\/uploads\/2021\/11\/Armenie-Come-2021-112-768x1024.jpg\" data-width=\"768\" data-height=\"1024\" aria-label=\"Khndzoresk arm\u00e9nie\" role=\"img\" ><\/div>\n\t\t\t\t\t\t\t\t\t\t\t<div class=\"elementor-gallery-item__overlay\"><\/div>\n\t\t\t\t\t\t\t\t\t\t\t\t\t\t\t<div class=\"elementor-gallery-item__content\">\n\t\t\t\t\t\t\t\t\t\t\t\t\t\t<div class=\"elementor-gallery-item__title\">\n\t\t\t\t\t\t\t\t\t\t\t\t\t\t\t\t\t\tChapelle & brume\t\t\t\t\t\t\t\t<\/div>\n\t\t\t\t\t\t\t\t\t\t\t\t<\/div>\n\t\t\t\t\t\t\t\t\t<\/a>\n\t\t\t\t\t\t\t<a class=\"e-gallery-item elementor-gallery-item elementor-animated-content\" href=\"https:\/\/comedepreville.fr\/wp-content\/uploads\/2021\/11\/Armenie-Come-2021-113.jpg\" data-elementor-open-lightbox=\"yes\" data-elementor-lightbox-slideshow=\"2a940fd3\" data-elementor-lightbox-description=\"Int\u00e9rieur d\u2019une chapelle en ruine \u00e0 Khndzoresk.\" data-e-action-hash=\"#elementor-action%3Aaction%3Dlightbox%26settings%3DeyJpZCI6Mzk2LCJ1cmwiOiJodHRwczpcL1wvY29tZWRlcHJldmlsbGUuZnJcL3dwLWNvbnRlbnRcL3VwbG9hZHNcLzIwMjFcLzExXC9Bcm1lbmllLUNvbWUtMjAyMS0xMTMuanBnIiwic2xpZGVzaG93IjoiMmE5NDBmZDMifQ%3D%3D\">\n\t\t\t\t\t<div class=\"e-gallery-image elementor-gallery-item__image\" data-thumbnail=\"https:\/\/comedepreville.fr\/wp-content\/uploads\/2021\/11\/Armenie-Come-2021-113-768x1024.jpg\" data-width=\"768\" data-height=\"1024\" aria-label=\"Khndzoresk arm\u00e9nie\" role=\"img\" ><\/div>\n\t\t\t\t\t\t\t\t\t\t\t<div class=\"elementor-gallery-item__overlay\"><\/div>\n\t\t\t\t\t\t\t\t\t\t\t\t\t\t\t<div class=\"elementor-gallery-item__content\">\n\t\t\t\t\t\t\t\t\t\t\t\t\t\t<div class=\"elementor-gallery-item__title\">\n\t\t\t\t\t\t\t\t\t\t\t\t\t\t\t\t\t\tChapelle en ruine\t\t\t\t\t\t\t\t<\/div>\n\t\t\t\t\t\t\t\t\t\t\t\t<\/div>\n\t\t\t\t\t\t\t\t\t<\/a>\n\t\t\t\t\t\t\t<a class=\"e-gallery-item elementor-gallery-item elementor-animated-content\" href=\"https:\/\/comedepreville.fr\/wp-content\/uploads\/2021\/11\/Armenie-Come-2021-114.jpg\" data-elementor-open-lightbox=\"yes\" data-elementor-lightbox-slideshow=\"2a940fd3\" data-elementor-lightbox-description=\"Int\u00e9rieur d\u2019une chapelle en ruine \u00e0 Khndzoresk.\" data-e-action-hash=\"#elementor-action%3Aaction%3Dlightbox%26settings%3DeyJpZCI6Mzk1LCJ1cmwiOiJodHRwczpcL1wvY29tZWRlcHJldmlsbGUuZnJcL3dwLWNvbnRlbnRcL3VwbG9hZHNcLzIwMjFcLzExXC9Bcm1lbmllLUNvbWUtMjAyMS0xMTQuanBnIiwic2xpZGVzaG93IjoiMmE5NDBmZDMifQ%3D%3D\">\n\t\t\t\t\t<div class=\"e-gallery-image elementor-gallery-item__image\" data-thumbnail=\"https:\/\/comedepreville.fr\/wp-content\/uploads\/2021\/11\/Armenie-Come-2021-114-768x1024.jpg\" data-width=\"768\" data-height=\"1024\" aria-label=\"chapelle arm\u00e9nie khndzoresk\" role=\"img\" ><\/div>\n\t\t\t\t\t\t\t\t\t\t\t<div class=\"elementor-gallery-item__overlay\"><\/div>\n\t\t\t\t\t\t\t\t\t\t\t\t\t\t\t<div class=\"elementor-gallery-item__content\">\n\t\t\t\t\t\t\t\t\t\t\t\t\t\t<div class=\"elementor-gallery-item__title\">\n\t\t\t\t\t\t\t\t\t\t\t\t\t\t\t\t\t\tChapelle en ruine\t\t\t\t\t\t\t\t<\/div>\n\t\t\t\t\t\t\t\t\t\t\t\t<\/div>\n\t\t\t\t\t\t\t\t\t<\/a>\n\t\t\t\t\t\t\t<a class=\"e-gallery-item elementor-gallery-item elementor-animated-content\" href=\"https:\/\/comedepreville.fr\/wp-content\/uploads\/2021\/11\/Armenie-Come-2021-115.jpg\" data-elementor-open-lightbox=\"yes\" data-elementor-lightbox-slideshow=\"2a940fd3\" data-elementor-lightbox-description=\"Mathilde (volontaire de l\u2019Oeuvre) pose devant les falaises brumeuses de Khndzoresk.\" data-e-action-hash=\"#elementor-action%3Aaction%3Dlightbox%26settings%3DeyJpZCI6Mzk0LCJ1cmwiOiJodHRwczpcL1wvY29tZWRlcHJldmlsbGUuZnJcL3dwLWNvbnRlbnRcL3VwbG9hZHNcLzIwMjFcLzExXC9Bcm1lbmllLUNvbWUtMjAyMS0xMTUuanBnIiwic2xpZGVzaG93IjoiMmE5NDBmZDMifQ%3D%3D\">\n\t\t\t\t\t<div class=\"e-gallery-image elementor-gallery-item__image\" data-thumbnail=\"https:\/\/comedepreville.fr\/wp-content\/uploads\/2021\/11\/Armenie-Come-2021-115-768x1024.jpg\" data-width=\"768\" data-height=\"1024\" aria-label=\"Khndzoresk arm\u00e9nie\" role=\"img\" ><\/div>\n\t\t\t\t\t\t\t\t\t\t\t<div class=\"elementor-gallery-item__overlay\"><\/div>\n\t\t\t\t\t\t\t\t\t\t\t\t\t\t\t<div class=\"elementor-gallery-item__content\">\n\t\t\t\t\t\t\t\t\t\t\t\t\t\t<div class=\"elementor-gallery-item__title\">\n\t\t\t\t\t\t\t\t\t\t\t\t\t\t\t\t\t\tMathilde\t\t\t\t\t\t\t\t<\/div>\n\t\t\t\t\t\t\t\t\t\t\t\t<\/div>\n\t\t\t\t\t\t\t\t\t<\/a>\n\t\t\t\t\t\t\t<a class=\"e-gallery-item elementor-gallery-item elementor-animated-content\" href=\"https:\/\/comedepreville.fr\/wp-content\/uploads\/2021\/11\/Armenie-Come-2021-116.jpg\" data-elementor-open-lightbox=\"yes\" data-elementor-lightbox-slideshow=\"2a940fd3\" data-elementor-lightbox-description=\"Panorama des falaises et de leurs grottes troglodytes ...\" data-e-action-hash=\"#elementor-action%3Aaction%3Dlightbox%26settings%3DeyJpZCI6MzkzLCJ1cmwiOiJodHRwczpcL1wvY29tZWRlcHJldmlsbGUuZnJcL3dwLWNvbnRlbnRcL3VwbG9hZHNcLzIwMjFcLzExXC9Bcm1lbmllLUNvbWUtMjAyMS0xMTYuanBnIiwic2xpZGVzaG93IjoiMmE5NDBmZDMifQ%3D%3D\">\n\t\t\t\t\t<div class=\"e-gallery-image elementor-gallery-item__image\" data-thumbnail=\"https:\/\/comedepreville.fr\/wp-content\/uploads\/2021\/11\/Armenie-Come-2021-116-1024x433.jpg\" data-width=\"800\" data-height=\"338\" aria-label=\"Khndzoresk arm\u00e9nie\" role=\"img\" ><\/div>\n\t\t\t\t\t\t\t\t\t\t\t<div class=\"elementor-gallery-item__overlay\"><\/div>\n\t\t\t\t\t\t\t\t\t\t\t\t\t\t\t<div class=\"elementor-gallery-item__content\">\n\t\t\t\t\t\t\t\t\t\t\t\t\t\t<div class=\"elementor-gallery-item__title\">\n\t\t\t\t\t\t\t\t\t\t\t\t\t\t\t\t\t\tVall\u00e9e de Khndzoresk\t\t\t\t\t\t\t\t<\/div>\n\t\t\t\t\t\t\t\t\t\t\t\t<\/div>\n\t\t\t\t\t\t\t\t\t<\/a>\n\t\t\t\t\t\t\t<a class=\"e-gallery-item elementor-gallery-item elementor-animated-content\" href=\"https:\/\/comedepreville.fr\/wp-content\/uploads\/2021\/11\/Armenie-Come-2021-117.jpg\" data-elementor-open-lightbox=\"yes\" data-elementor-lightbox-slideshow=\"2a940fd3\" data-elementor-lightbox-description=\"Des touristes s\u2019amusent sur le pont suspendu de Khndzoresk.\" data-e-action-hash=\"#elementor-action%3Aaction%3Dlightbox%26settings%3DeyJpZCI6MzkyLCJ1cmwiOiJodHRwczpcL1wvY29tZWRlcHJldmlsbGUuZnJcL3dwLWNvbnRlbnRcL3VwbG9hZHNcLzIwMjFcLzExXC9Bcm1lbmllLUNvbWUtMjAyMS0xMTcuanBnIiwic2xpZGVzaG93IjoiMmE5NDBmZDMifQ%3D%3D\">\n\t\t\t\t\t<div class=\"e-gallery-image elementor-gallery-item__image\" data-thumbnail=\"https:\/\/comedepreville.fr\/wp-content\/uploads\/2021\/11\/Armenie-Come-2021-117-768x1024.jpg\" data-width=\"768\" data-height=\"1024\" aria-label=\"Khndzoresk arm\u00e9nie\" role=\"img\" ><\/div>\n\t\t\t\t\t\t\t\t\t\t\t<div class=\"elementor-gallery-item__overlay\"><\/div>\n\t\t\t\t\t\t\t\t\t\t\t\t\t\t\t<div class=\"elementor-gallery-item__content\">\n\t\t\t\t\t\t\t\t\t\t\t\t\t\t<div class=\"elementor-gallery-item__title\">\n\t\t\t\t\t\t\t\t\t\t\t\t\t\t\t\t\t\tRires\t\t\t\t\t\t\t\t<\/div>\n\t\t\t\t\t\t\t\t\t\t\t\t<\/div>\n\t\t\t\t\t\t\t\t\t<\/a>\n\t\t\t\t\t\t\t<a class=\"e-gallery-item elementor-gallery-item elementor-animated-content\" href=\"https:\/\/comedepreville.fr\/wp-content\/uploads\/2021\/11\/Armenie-Come-2021-118.jpg\" data-elementor-open-lightbox=\"yes\" data-elementor-lightbox-slideshow=\"2a940fd3\" data-elementor-lightbox-description=\"Un touriste pose fi\u00e8rement avec son airsoft sur le pont de Khndzoresk. Le contexte est \u00e9trange quand on sait que le Karabargh n\u2019est qu\u2019\u00e0 quelques kilom\u00e8tres, et que de vrais affrontements y ont encore lieu.\" data-e-action-hash=\"#elementor-action%3Aaction%3Dlightbox%26settings%3DeyJpZCI6MzkxLCJ1cmwiOiJodHRwczpcL1wvY29tZWRlcHJldmlsbGUuZnJcL3dwLWNvbnRlbnRcL3VwbG9hZHNcLzIwMjFcLzExXC9Bcm1lbmllLUNvbWUtMjAyMS0xMTguanBnIiwic2xpZGVzaG93IjoiMmE5NDBmZDMifQ%3D%3D\">\n\t\t\t\t\t<div class=\"e-gallery-image elementor-gallery-item__image\" data-thumbnail=\"https:\/\/comedepreville.fr\/wp-content\/uploads\/2021\/11\/Armenie-Come-2021-118-768x1024.jpg\" data-width=\"768\" data-height=\"1024\" aria-label=\"airsoft arm\u00e9nie Khndzoresk\" role=\"img\" ><\/div>\n\t\t\t\t\t\t\t\t\t\t\t<div class=\"elementor-gallery-item__overlay\"><\/div>\n\t\t\t\t\t\t\t\t\t\t\t\t\t\t\t<div class=\"elementor-gallery-item__content\">\n\t\t\t\t\t\t\t\t\t\t\t\t\t\t<div class=\"elementor-gallery-item__title\">\n\t\t\t\t\t\t\t\t\t\t\t\t\t\t\t\t\t\tAirsoft \u00e0 Khndzoresk\t\t\t\t\t\t\t\t<\/div>\n\t\t\t\t\t\t\t\t\t\t\t\t<\/div>\n\t\t\t\t\t\t\t\t\t<\/a>\n\t\t\t\t\t\t\t<a class=\"e-gallery-item elementor-gallery-item elementor-animated-content\" href=\"https:\/\/comedepreville.fr\/wp-content\/uploads\/2021\/11\/Armenie-Come-2021-119.jpg\" data-elementor-open-lightbox=\"yes\" data-elementor-lightbox-slideshow=\"2a940fd3\" data-elementor-lightbox-description=\"Le monast\u00e8re de Tatev, perch\u00e9 sur un sommet dans les nuages.\" data-e-action-hash=\"#elementor-action%3Aaction%3Dlightbox%26settings%3DeyJpZCI6MzkwLCJ1cmwiOiJodHRwczpcL1wvY29tZWRlcHJldmlsbGUuZnJcL3dwLWNvbnRlbnRcL3VwbG9hZHNcLzIwMjFcLzExXC9Bcm1lbmllLUNvbWUtMjAyMS0xMTkuanBnIiwic2xpZGVzaG93IjoiMmE5NDBmZDMifQ%3D%3D\">\n\t\t\t\t\t<div class=\"e-gallery-image elementor-gallery-item__image\" data-thumbnail=\"https:\/\/comedepreville.fr\/wp-content\/uploads\/2021\/11\/Armenie-Come-2021-119-768x1024.jpg\" data-width=\"768\" data-height=\"1024\" aria-label=\"tatev arm\u00e9nie\" role=\"img\" ><\/div>\n\t\t\t\t\t\t\t\t\t\t\t<div class=\"elementor-gallery-item__overlay\"><\/div>\n\t\t\t\t\t\t\t\t\t\t\t\t\t\t\t<div class=\"elementor-gallery-item__content\">\n\t\t\t\t\t\t\t\t\t\t\t\t\t\t<div class=\"elementor-gallery-item__title\">\n\t\t\t\t\t\t\t\t\t\t\t\t\t\t\t\t\t\tTatev dans les nuages\t\t\t\t\t\t\t\t<\/div>\n\t\t\t\t\t\t\t\t\t\t\t\t<\/div>\n\t\t\t\t\t\t\t\t\t<\/a>\n\t\t\t\t\t\t\t<a class=\"e-gallery-item elementor-gallery-item elementor-animated-content\" href=\"https:\/\/comedepreville.fr\/wp-content\/uploads\/2021\/11\/Armenie-Come-2021-120.jpg\" data-elementor-open-lightbox=\"yes\" data-elementor-lightbox-slideshow=\"2a940fd3\" data-elementor-lightbox-description=\"B\u00e9n\u00e9diction des fid\u00e8les par un pr\u00eatre apostolique arm\u00e9nien dans le monast\u00e8re de Tatev.\" data-e-action-hash=\"#elementor-action%3Aaction%3Dlightbox%26settings%3DeyJpZCI6Mzg5LCJ1cmwiOiJodHRwczpcL1wvY29tZWRlcHJldmlsbGUuZnJcL3dwLWNvbnRlbnRcL3VwbG9hZHNcLzIwMjFcLzExXC9Bcm1lbmllLUNvbWUtMjAyMS0xMjAuanBnIiwic2xpZGVzaG93IjoiMmE5NDBmZDMifQ%3D%3D\">\n\t\t\t\t\t<div class=\"e-gallery-image elementor-gallery-item__image\" data-thumbnail=\"https:\/\/comedepreville.fr\/wp-content\/uploads\/2021\/11\/Armenie-Come-2021-120-1024x768.jpg\" data-width=\"800\" data-height=\"600\" aria-label=\"tatev arm\u00e9nie\" role=\"img\" ><\/div>\n\t\t\t\t\t\t\t\t\t\t\t<div class=\"elementor-gallery-item__overlay\"><\/div>\n\t\t\t\t\t\t\t\t\t\t\t\t\t\t\t<div class=\"elementor-gallery-item__content\">\n\t\t\t\t\t\t\t\t\t\t\t\t\t\t<div class=\"elementor-gallery-item__title\">\n\t\t\t\t\t\t\t\t\t\t\t\t\t\t\t\t\t\tB\u00e9n\u00e9diction\t\t\t\t\t\t\t\t<\/div>\n\t\t\t\t\t\t\t\t\t\t\t\t<\/div>\n\t\t\t\t\t\t\t\t\t<\/a>\n\t\t\t\t\t\t\t<a class=\"e-gallery-item elementor-gallery-item elementor-animated-content\" href=\"https:\/\/comedepreville.fr\/wp-content\/uploads\/2021\/11\/Armenie-Come-2021-121.jpg\" data-elementor-open-lightbox=\"yes\" data-elementor-lightbox-slideshow=\"2a940fd3\" data-elementor-lightbox-description=\"Une arm\u00e9nienne prie en allumant des bougies dans le monast\u00e8re de Tatev.\" data-e-action-hash=\"#elementor-action%3Aaction%3Dlightbox%26settings%3DeyJpZCI6Mzg4LCJ1cmwiOiJodHRwczpcL1wvY29tZWRlcHJldmlsbGUuZnJcL3dwLWNvbnRlbnRcL3VwbG9hZHNcLzIwMjFcLzExXC9Bcm1lbmllLUNvbWUtMjAyMS0xMjEuanBnIiwic2xpZGVzaG93IjoiMmE5NDBmZDMifQ%3D%3D\">\n\t\t\t\t\t<div class=\"e-gallery-image elementor-gallery-item__image\" data-thumbnail=\"https:\/\/comedepreville.fr\/wp-content\/uploads\/2021\/11\/Armenie-Come-2021-121-1024x768.jpg\" data-width=\"800\" data-height=\"600\" aria-label=\"tatev arm\u00e9nie\" role=\"img\" ><\/div>\n\t\t\t\t\t\t\t\t\t\t\t<div class=\"elementor-gallery-item__overlay\"><\/div>\n\t\t\t\t\t\t\t\t\t\t\t\t\t\t\t<div class=\"elementor-gallery-item__content\">\n\t\t\t\t\t\t\t\t\t\t\t\t\t\t<div class=\"elementor-gallery-item__title\">\n\t\t\t\t\t\t\t\t\t\t\t\t\t\t\t\t\t\tPri\u00e8re au c\u0153ur de Tatev\t\t\t\t\t\t\t\t<\/div>\n\t\t\t\t\t\t\t\t\t\t\t\t<\/div>\n\t\t\t\t\t\t\t\t\t<\/a>\n\t\t\t\t\t\t\t<a class=\"e-gallery-item elementor-gallery-item elementor-animated-content\" href=\"https:\/\/comedepreville.fr\/wp-content\/uploads\/2021\/11\/Armenie-Come-2021-122.jpg\" data-elementor-open-lightbox=\"yes\" data-elementor-lightbox-slideshow=\"2a940fd3\" data-elementor-lightbox-description=\"Constance (volontaire de l\u2019Oeuvre) contemple le paysage depuis l\u2019int\u00e9rieur du monast\u00e8re de Tatev, perch\u00e9 sur le bord d\u2019un sommet.\" data-e-action-hash=\"#elementor-action%3Aaction%3Dlightbox%26settings%3DeyJpZCI6Mzg3LCJ1cmwiOiJodHRwczpcL1wvY29tZWRlcHJldmlsbGUuZnJcL3dwLWNvbnRlbnRcL3VwbG9hZHNcLzIwMjFcLzExXC9Bcm1lbmllLUNvbWUtMjAyMS0xMjIuanBnIiwic2xpZGVzaG93IjoiMmE5NDBmZDMifQ%3D%3D\">\n\t\t\t\t\t<div class=\"e-gallery-image elementor-gallery-item__image\" data-thumbnail=\"https:\/\/comedepreville.fr\/wp-content\/uploads\/2021\/11\/Armenie-Come-2021-122-768x1024.jpg\" data-width=\"768\" data-height=\"1024\" aria-label=\"tatev arm\u00e9nie\" role=\"img\" ><\/div>\n\t\t\t\t\t\t\t\t\t\t\t<div class=\"elementor-gallery-item__overlay\"><\/div>\n\t\t\t\t\t\t\t\t\t\t\t\t\t\t\t<div class=\"elementor-gallery-item__content\">\n\t\t\t\t\t\t\t\t\t\t\t\t\t\t<div class=\"elementor-gallery-item__title\">\n\t\t\t\t\t\t\t\t\t\t\t\t\t\t\t\t\t\tVue depuis Tatev\t\t\t\t\t\t\t\t<\/div>\n\t\t\t\t\t\t\t\t\t\t\t\t<\/div>\n\t\t\t\t\t\t\t\t\t<\/a>\n\t\t\t\t\t\t\t<a class=\"e-gallery-item elementor-gallery-item elementor-animated-content\" href=\"https:\/\/comedepreville.fr\/wp-content\/uploads\/2021\/11\/Armenie-Come-2021-123.jpg\" data-elementor-open-lightbox=\"yes\" data-elementor-lightbox-slideshow=\"2a940fd3\" data-elementor-lightbox-description=\"Un petit gar\u00e7on joue dans le monast\u00e8re de Tatev, devant une ouverture sur la vall\u00e9e.\" data-e-action-hash=\"#elementor-action%3Aaction%3Dlightbox%26settings%3DeyJpZCI6Mzg2LCJ1cmwiOiJodHRwczpcL1wvY29tZWRlcHJldmlsbGUuZnJcL3dwLWNvbnRlbnRcL3VwbG9hZHNcLzIwMjFcLzExXC9Bcm1lbmllLUNvbWUtMjAyMS0xMjMuanBnIiwic2xpZGVzaG93IjoiMmE5NDBmZDMifQ%3D%3D\">\n\t\t\t\t\t<div class=\"e-gallery-image elementor-gallery-item__image\" data-thumbnail=\"https:\/\/comedepreville.fr\/wp-content\/uploads\/2021\/11\/Armenie-Come-2021-123-768x1024.jpg\" data-width=\"768\" data-height=\"1024\" aria-label=\"tatev arm\u00e9nie\" role=\"img\" ><\/div>\n\t\t\t\t\t\t\t\t\t\t\t<div class=\"elementor-gallery-item__overlay\"><\/div>\n\t\t\t\t\t\t\t\t\t\t\t\t\t\t\t<div class=\"elementor-gallery-item__content\">\n\t\t\t\t\t\t\t\t\t\t\t\t\t\t<div class=\"elementor-gallery-item__title\">\n\t\t\t\t\t\t\t\t\t\t\t\t\t\t\t\t\t\tL'enfant de Tatev\t\t\t\t\t\t\t\t<\/div>\n\t\t\t\t\t\t\t\t\t\t\t\t<\/div>\n\t\t\t\t\t\t\t\t\t<\/a>\n\t\t\t\t\t\t\t<a class=\"e-gallery-item elementor-gallery-item elementor-animated-content\" href=\"https:\/\/comedepreville.fr\/wp-content\/uploads\/2021\/11\/Armenie-Come-2021-124.jpg\" data-elementor-open-lightbox=\"yes\" data-elementor-lightbox-slideshow=\"2a940fd3\" data-elementor-lightbox-description=\"Panorma sur Sisian et sa vall\u00e9e, depuis le m\u00e9morial aux victimes de la seconde guerre mondiale.\" data-e-action-hash=\"#elementor-action%3Aaction%3Dlightbox%26settings%3DeyJpZCI6Mzg1LCJ1cmwiOiJodHRwczpcL1wvY29tZWRlcHJldmlsbGUuZnJcL3dwLWNvbnRlbnRcL3VwbG9hZHNcLzIwMjFcLzExXC9Bcm1lbmllLUNvbWUtMjAyMS0xMjQuanBnIiwic2xpZGVzaG93IjoiMmE5NDBmZDMifQ%3D%3D\">\n\t\t\t\t\t<div class=\"e-gallery-image elementor-gallery-item__image\" data-thumbnail=\"https:\/\/comedepreville.fr\/wp-content\/uploads\/2021\/11\/Armenie-Come-2021-124-1024x433.jpg\" data-width=\"800\" data-height=\"338\" aria-label=\"Sisian Arm\u00e9nie\" role=\"img\" ><\/div>\n\t\t\t\t\t\t\t\t\t\t\t<div class=\"elementor-gallery-item__overlay\"><\/div>\n\t\t\t\t\t\t\t\t\t\t\t\t\t\t\t<div class=\"elementor-gallery-item__content\">\n\t\t\t\t\t\t\t\t\t\t\t\t\t\t<div class=\"elementor-gallery-item__title\">\n\t\t\t\t\t\t\t\t\t\t\t\t\t\t\t\t\t\tSur les hauteurs de Sisian\t\t\t\t\t\t\t\t<\/div>\n\t\t\t\t\t\t\t\t\t\t\t\t<\/div>\n\t\t\t\t\t\t\t\t\t<\/a>\n\t\t\t\t\t\t\t<a class=\"e-gallery-item elementor-gallery-item elementor-animated-content\" href=\"https:\/\/comedepreville.fr\/wp-content\/uploads\/2021\/11\/Armenie-Come-2021-125.jpg\" data-elementor-open-lightbox=\"yes\" data-elementor-lightbox-slideshow=\"2a940fd3\" data-elementor-lightbox-description=\"Sur la route. Toujours un chapelet autour du r\u00e9troviseur !\" data-e-action-hash=\"#elementor-action%3Aaction%3Dlightbox%26settings%3DeyJpZCI6Mzg0LCJ1cmwiOiJodHRwczpcL1wvY29tZWRlcHJldmlsbGUuZnJcL3dwLWNvbnRlbnRcL3VwbG9hZHNcLzIwMjFcLzExXC9Bcm1lbmllLUNvbWUtMjAyMS0xMjUuanBnIiwic2xpZGVzaG93IjoiMmE5NDBmZDMifQ%3D%3D\">\n\t\t\t\t\t<div class=\"e-gallery-image elementor-gallery-item__image\" data-thumbnail=\"https:\/\/comedepreville.fr\/wp-content\/uploads\/2021\/11\/Armenie-Come-2021-125-768x1024.jpg\" data-width=\"768\" data-height=\"1024\" aria-label=\"Sur la route\" role=\"img\" ><\/div>\n\t\t\t\t\t\t\t\t\t\t\t<div class=\"elementor-gallery-item__overlay\"><\/div>\n\t\t\t\t\t\t\t\t\t\t\t\t\t\t\t<div class=\"elementor-gallery-item__content\">\n\t\t\t\t\t\t\t\t\t\t\t\t\t\t<div class=\"elementor-gallery-item__title\">\n\t\t\t\t\t\t\t\t\t\t\t\t\t\t\t\t\t\tSur la route entre Erevan et Goris\t\t\t\t\t\t\t\t<\/div>\n\t\t\t\t\t\t\t\t\t\t\t\t<\/div>\n\t\t\t\t\t\t\t\t\t<\/a>\n\t\t\t\t\t\t\t<a class=\"e-gallery-item elementor-gallery-item elementor-animated-content\" href=\"https:\/\/comedepreville.fr\/wp-content\/uploads\/2021\/11\/Armenie-Come-2021-126.jpg\" data-elementor-open-lightbox=\"yes\" data-elementor-lightbox-slideshow=\"2a940fd3\" data-elementor-lightbox-description=\"Un vieil homme construit diff\u00e9rentes choses dans son atelier, \u00e0 Yeraskh. L\u2019enclave az\u00e9rie du c\u00f4t\u00e9 turc se trouve quelques centaines de m\u00e8tres apr\u00e8s ce mur. J\u2019\u00e9tais de passage dans ce petit village le temps que le taxi reprenne de l\u2019essence, en revenant de Sisian et en direction d\u2019Erevan. Deux heures apr\u00e8s notre d\u00e9part, le village a \u00e9t\u00e9 attaqu\u00e9 par des tirs az\u00e9ris, comme presque quotidiennement.\" data-e-action-hash=\"#elementor-action%3Aaction%3Dlightbox%26settings%3DeyJpZCI6MzgzLCJ1cmwiOiJodHRwczpcL1wvY29tZWRlcHJldmlsbGUuZnJcL3dwLWNvbnRlbnRcL3VwbG9hZHNcLzIwMjFcLzExXC9Bcm1lbmllLUNvbWUtMjAyMS0xMjYuanBnIiwic2xpZGVzaG93IjoiMmE5NDBmZDMifQ%3D%3D\">\n\t\t\t\t\t<div class=\"e-gallery-image elementor-gallery-item__image\" data-thumbnail=\"https:\/\/comedepreville.fr\/wp-content\/uploads\/2021\/11\/Armenie-Come-2021-126-768x1024.jpg\" data-width=\"768\" data-height=\"1024\" aria-label=\"Yeraskh\" role=\"img\" ><\/div>\n\t\t\t\t\t\t\t\t\t\t\t<div class=\"elementor-gallery-item__overlay\"><\/div>\n\t\t\t\t\t\t\t\t\t\t\t\t\t\t\t<div class=\"elementor-gallery-item__content\">\n\t\t\t\t\t\t\t\t\t\t\t\t\t\t<div class=\"elementor-gallery-item__title\">\n\t\t\t\t\t\t\t\t\t\t\t\t\t\t\t\t\t\tEn passant \u00e0 Yeraskh\t\t\t\t\t\t\t\t<\/div>\n\t\t\t\t\t\t\t\t\t\t\t\t<\/div>\n\t\t\t\t\t\t\t\t\t<\/a>\n\t\t\t\t\t\t\t<a class=\"e-gallery-item elementor-gallery-item elementor-animated-content\" href=\"https:\/\/comedepreville.fr\/wp-content\/uploads\/2021\/11\/Armenie-Come-2021-127.jpg\" data-elementor-open-lightbox=\"yes\" data-elementor-lightbox-slideshow=\"2a940fd3\" data-e-action-hash=\"#elementor-action%3Aaction%3Dlightbox%26settings%3DeyJpZCI6MzgyLCJ1cmwiOiJodHRwczpcL1wvY29tZWRlcHJldmlsbGUuZnJcL3dwLWNvbnRlbnRcL3VwbG9hZHNcLzIwMjFcLzExXC9Bcm1lbmllLUNvbWUtMjAyMS0xMjcuanBnIiwic2xpZGVzaG93IjoiMmE5NDBmZDMifQ%3D%3D\">\n\t\t\t\t\t<div class=\"e-gallery-image elementor-gallery-item__image\" data-thumbnail=\"https:\/\/comedepreville.fr\/wp-content\/uploads\/2021\/11\/Armenie-Come-2021-127-1024x768.jpg\" data-width=\"800\" data-height=\"600\" aria-label=\"artisans erevan\" role=\"img\" ><\/div>\n\t\t\t\t\t\t\t\t\t\t\t<div class=\"elementor-gallery-item__overlay\"><\/div>\n\t\t\t\t\t\t\t\t\t\t\t\t\t\t\t<div class=\"elementor-gallery-item__content\">\n\t\t\t\t\t\t\t\t\t\t\t\t\t\t<div class=\"elementor-gallery-item__title\">\n\t\t\t\t\t\t\t\t\t\t\t\t\t\t\t\t\t\tArtisans d'Erevan\t\t\t\t\t\t\t\t<\/div>\n\t\t\t\t\t\t\t\t\t\t\t\t<\/div>\n\t\t\t\t\t\t\t\t\t<\/a>\n\t\t\t\t\t\t\t<a class=\"e-gallery-item elementor-gallery-item elementor-animated-content\" href=\"https:\/\/comedepreville.fr\/wp-content\/uploads\/2021\/11\/Armenie-Come-2021-128.jpg\" data-elementor-open-lightbox=\"yes\" data-elementor-lightbox-slideshow=\"2a940fd3\" data-elementor-lightbox-description=\"Les beaux quartiers d\u2019Erevan ; sous la rue se cache une immense galerie commerciale.\" data-e-action-hash=\"#elementor-action%3Aaction%3Dlightbox%26settings%3DeyJpZCI6MzgxLCJ1cmwiOiJodHRwczpcL1wvY29tZWRlcHJldmlsbGUuZnJcL3dwLWNvbnRlbnRcL3VwbG9hZHNcLzIwMjFcLzExXC9Bcm1lbmllLUNvbWUtMjAyMS0xMjguanBnIiwic2xpZGVzaG93IjoiMmE5NDBmZDMifQ%3D%3D\">\n\t\t\t\t\t<div class=\"e-gallery-image elementor-gallery-item__image\" data-thumbnail=\"https:\/\/comedepreville.fr\/wp-content\/uploads\/2021\/11\/Armenie-Come-2021-128-768x1024.jpg\" data-width=\"768\" data-height=\"1024\" aria-label=\"erevan yerevan arm\u00e9nie\" role=\"img\" ><\/div>\n\t\t\t\t\t\t\t\t\t\t\t<div class=\"elementor-gallery-item__overlay\"><\/div>\n\t\t\t\t\t\t\t\t\t\t\t\t\t\t\t<div class=\"elementor-gallery-item__content\">\n\t\t\t\t\t\t\t\t\t\t\t\t\t\t<div class=\"elementor-gallery-item__title\">\n\t\t\t\t\t\t\t\t\t\t\t\t\t\t\t\t\t\tLes beaux quartiers d'Erevan\t\t\t\t\t\t\t\t<\/div>\n\t\t\t\t\t\t\t\t\t\t\t\t<\/div>\n\t\t\t\t\t\t\t\t\t<\/a>\n\t\t\t\t\t\t\t<a class=\"e-gallery-item elementor-gallery-item elementor-animated-content\" href=\"https:\/\/comedepreville.fr\/wp-content\/uploads\/2021\/11\/Armenie-Come-2021-129.jpg\" data-elementor-open-lightbox=\"yes\" data-elementor-lightbox-slideshow=\"2a940fd3\" data-elementor-lightbox-description=\"Un ouvrier termine la peinture d\u2019un futur magasin Levi\u2019s.\" data-e-action-hash=\"#elementor-action%3Aaction%3Dlightbox%26settings%3DeyJpZCI6MzgwLCJ1cmwiOiJodHRwczpcL1wvY29tZWRlcHJldmlsbGUuZnJcL3dwLWNvbnRlbnRcL3VwbG9hZHNcLzIwMjFcLzExXC9Bcm1lbmllLUNvbWUtMjAyMS0xMjkuanBnIiwic2xpZGVzaG93IjoiMmE5NDBmZDMifQ%3D%3D\">\n\t\t\t\t\t<div class=\"e-gallery-image elementor-gallery-item__image\" data-thumbnail=\"https:\/\/comedepreville.fr\/wp-content\/uploads\/2021\/11\/Armenie-Come-2021-129-1024x768.jpg\" data-width=\"800\" data-height=\"600\" aria-label=\"levis ereva arm\u00e9nie\" role=\"img\" ><\/div>\n\t\t\t\t\t\t\t\t\t\t\t<div class=\"elementor-gallery-item__overlay\"><\/div>\n\t\t\t\t\t\t\t\t\t\t\t\t\t\t\t<div class=\"elementor-gallery-item__content\">\n\t\t\t\t\t\t\t\t\t\t\t\t\t\t<div class=\"elementor-gallery-item__title\">\n\t\t\t\t\t\t\t\t\t\t\t\t\t\t\t\t\t\tLevis - Opening soon\t\t\t\t\t\t\t\t<\/div>\n\t\t\t\t\t\t\t\t\t\t\t\t<\/div>\n\t\t\t\t\t\t\t\t\t<\/a>\n\t\t\t\t\t\t\t<a class=\"e-gallery-item elementor-gallery-item elementor-animated-content\" href=\"https:\/\/comedepreville.fr\/wp-content\/uploads\/2021\/11\/Armenie-Come-2021-130.jpg\" data-elementor-open-lightbox=\"yes\" data-elementor-lightbox-slideshow=\"2a940fd3\" data-elementor-lightbox-description=\"Soleil couchant sur Erevan depuis l\u2019appartement de Lalik.\" data-e-action-hash=\"#elementor-action%3Aaction%3Dlightbox%26settings%3DeyJpZCI6Mzc5LCJ1cmwiOiJodHRwczpcL1wvY29tZWRlcHJldmlsbGUuZnJcL3dwLWNvbnRlbnRcL3VwbG9hZHNcLzIwMjFcLzExXC9Bcm1lbmllLUNvbWUtMjAyMS0xMzAuanBnIiwic2xpZGVzaG93IjoiMmE5NDBmZDMifQ%3D%3D\">\n\t\t\t\t\t<div class=\"e-gallery-image elementor-gallery-item__image\" data-thumbnail=\"https:\/\/comedepreville.fr\/wp-content\/uploads\/2021\/11\/Armenie-Come-2021-130-768x1024.jpg\" data-width=\"768\" data-height=\"1024\" aria-label=\"erevan arm\u00e9nie\" role=\"img\" ><\/div>\n\t\t\t\t\t\t\t\t\t\t\t<div class=\"elementor-gallery-item__overlay\"><\/div>\n\t\t\t\t\t\t\t\t\t\t\t\t\t\t\t<div class=\"elementor-gallery-item__content\">\n\t\t\t\t\t\t\t\t\t\t\t\t\t\t<div class=\"elementor-gallery-item__title\">\n\t\t\t\t\t\t\t\t\t\t\t\t\t\t\t\t\t\tDerni\u00e8re soir\u00e9e en arm\u00e9nie\t\t\t\t\t\t\t\t<\/div>\n\t\t\t\t\t\t\t\t\t\t\t\t<\/div>\n\t\t\t\t\t\t\t\t\t<\/a>\n\t\t\t\t\t\t\t<a class=\"e-gallery-item elementor-gallery-item elementor-animated-content\" href=\"https:\/\/comedepreville.fr\/wp-content\/uploads\/2021\/11\/Armenie-Come-2021-131.jpg\" data-elementor-open-lightbox=\"yes\" data-elementor-lightbox-slideshow=\"2a940fd3\" data-elementor-lightbox-description=\"Soleil couchant sur Erevan depuis l\u2019appartement de Lalik.\" data-e-action-hash=\"#elementor-action%3Aaction%3Dlightbox%26settings%3DeyJpZCI6Mzc4LCJ1cmwiOiJodHRwczpcL1wvY29tZWRlcHJldmlsbGUuZnJcL3dwLWNvbnRlbnRcL3VwbG9hZHNcLzIwMjFcLzExXC9Bcm1lbmllLUNvbWUtMjAyMS0xMzEuanBnIiwic2xpZGVzaG93IjoiMmE5NDBmZDMifQ%3D%3D\">\n\t\t\t\t\t<div class=\"e-gallery-image elementor-gallery-item__image\" data-thumbnail=\"https:\/\/comedepreville.fr\/wp-content\/uploads\/2021\/11\/Armenie-Come-2021-131-768x1024.jpg\" data-width=\"768\" data-height=\"1024\" aria-label=\"erevan arm\u00e9nie\" role=\"img\" ><\/div>\n\t\t\t\t\t\t\t\t\t\t\t<div class=\"elementor-gallery-item__overlay\"><\/div>\n\t\t\t\t\t\t\t\t\t\t\t\t\t\t\t<div class=\"elementor-gallery-item__content\">\n\t\t\t\t\t\t\t\t\t\t\t\t\t\t<div class=\"elementor-gallery-item__title\">\n\t\t\t\t\t\t\t\t\t\t\t\t\t\t\t\t\t\tErevan\t\t\t\t\t\t\t\t<\/div>\n\t\t\t\t\t\t\t\t\t\t\t\t<\/div>\n\t\t\t\t\t\t\t\t\t<\/a>\n\t\t\t\t\t\t\t<a class=\"e-gallery-item elementor-gallery-item elementor-animated-content\" href=\"https:\/\/comedepreville.fr\/wp-content\/uploads\/2021\/11\/Armenie-Come-2021-132.jpg\" data-elementor-open-lightbox=\"yes\" data-elementor-lightbox-slideshow=\"2a940fd3\" data-elementor-lightbox-description=\"Soleil couchant sur Erevan depuis l\u2019appartement de Lalik.\" data-e-action-hash=\"#elementor-action%3Aaction%3Dlightbox%26settings%3DeyJpZCI6Mzc3LCJ1cmwiOiJodHRwczpcL1wvY29tZWRlcHJldmlsbGUuZnJcL3dwLWNvbnRlbnRcL3VwbG9hZHNcLzIwMjFcLzExXC9Bcm1lbmllLUNvbWUtMjAyMS0xMzIuanBnIiwic2xpZGVzaG93IjoiMmE5NDBmZDMifQ%3D%3D\">\n\t\t\t\t\t<div class=\"e-gallery-image elementor-gallery-item__image\" data-thumbnail=\"https:\/\/comedepreville.fr\/wp-content\/uploads\/2021\/11\/Armenie-Come-2021-132-768x1024.jpg\" data-width=\"768\" data-height=\"1024\" aria-label=\"erevan arm\u00e9nie\" role=\"img\" ><\/div>\n\t\t\t\t\t\t\t\t\t\t\t<div class=\"elementor-gallery-item__overlay\"><\/div>\n\t\t\t\t\t\t\t\t\t\t\t\t\t\t\t<div class=\"elementor-gallery-item__content\">\n\t\t\t\t\t\t\t\t\t\t\t\t\t\t<div class=\"elementor-gallery-item__title\">\n\t\t\t\t\t\t\t\t\t\t\t\t\t\t\t\t\t\tErevan\t\t\t\t\t\t\t\t<\/div>\n\t\t\t\t\t\t\t\t\t\t\t\t<\/div>\n\t\t\t\t\t\t\t\t\t<\/a>\n\t\t\t\t\t\t\t<a class=\"e-gallery-item elementor-gallery-item elementor-animated-content\" href=\"https:\/\/comedepreville.fr\/wp-content\/uploads\/2021\/11\/Armenie-Come-2021-1.jpg\" data-elementor-open-lightbox=\"yes\" data-elementor-lightbox-slideshow=\"2a940fd3\" data-elementor-lightbox-description=\"Erevan depuis les hauteurs de l\u2019appartement de Lalik, o\u00f9 j\u2019ai pass\u00e9 ma derni\u00e8re nuit avant de d\u00e9coller pour la France.\" data-e-action-hash=\"#elementor-action%3Aaction%3Dlightbox%26settings%3DeyJpZCI6Mzc2LCJ1cmwiOiJodHRwczpcL1wvY29tZWRlcHJldmlsbGUuZnJcL3dwLWNvbnRlbnRcL3VwbG9hZHNcLzIwMjFcLzExXC9Bcm1lbmllLUNvbWUtMjAyMS0xLmpwZyIsInNsaWRlc2hvdyI6IjJhOTQwZmQzIn0%3D\">\n\t\t\t\t\t<div class=\"e-gallery-image elementor-gallery-item__image\" data-thumbnail=\"https:\/\/comedepreville.fr\/wp-content\/uploads\/2021\/11\/Armenie-Come-2021-1-1024x768.jpg\" data-width=\"800\" data-height=\"600\" aria-label=\"erevan arm\u00e9nie\" role=\"img\" ><\/div>\n\t\t\t\t\t\t\t\t\t\t\t<div class=\"elementor-gallery-item__overlay\"><\/div>\n\t\t\t\t\t\t\t\t\t\t\t\t\t\t\t<div class=\"elementor-gallery-item__content\">\n\t\t\t\t\t\t\t\t\t\t\t\t\t\t<div class=\"elementor-gallery-item__title\">\n\t\t\t\t\t\t\t\t\t\t\t\t\t\t\t\t\t\tDerni\u00e8re soir\u00e9e en arm\u00e9nie\t\t\t\t\t\t\t\t<\/div>\n\t\t\t\t\t\t\t\t\t\t\t\t<\/div>\n\t\t\t\t\t\t\t\t\t<\/a>\n\t\t\t\t\t\t\t<a class=\"e-gallery-item elementor-gallery-item elementor-animated-content\" href=\"https:\/\/comedepreville.fr\/wp-content\/uploads\/2021\/11\/Armenie-Come-2021-23.jpg\" data-elementor-open-lightbox=\"yes\" data-elementor-lightbox-slideshow=\"2a940fd3\" data-elementor-lightbox-description=\"Le mont Ararat depuis le hublot de l\u2019avion, en retournant en France.\" data-e-action-hash=\"#elementor-action%3Aaction%3Dlightbox%26settings%3DeyJpZCI6Mzc1LCJ1cmwiOiJodHRwczpcL1wvY29tZWRlcHJldmlsbGUuZnJcL3dwLWNvbnRlbnRcL3VwbG9hZHNcLzIwMjFcLzExXC9Bcm1lbmllLUNvbWUtMjAyMS0yMy5qcGciLCJzbGlkZXNob3ciOiIyYTk0MGZkMyJ9\">\n\t\t\t\t\t<div class=\"e-gallery-image elementor-gallery-item__image\" data-thumbnail=\"https:\/\/comedepreville.fr\/wp-content\/uploads\/2021\/11\/Armenie-Come-2021-23-1024x768.jpg\" data-width=\"800\" data-height=\"600\" aria-label=\"erevan arm\u00e9nie ararat avion\" role=\"img\" ><\/div>\n\t\t\t\t\t\t\t\t\t\t\t<div class=\"elementor-gallery-item__overlay\"><\/div>\n\t\t\t\t\t\t\t\t\t\t\t\t\t\t\t<div class=\"elementor-gallery-item__content\">\n\t\t\t\t\t\t\t\t\t\t\t\t\t\t<div class=\"elementor-gallery-item__title\">\n\t\t\t\t\t\t\t\t\t\t\t\t\t\t\t\t\t\tArarat\t\t\t\t\t\t\t\t<\/div>\n\t\t\t\t\t\t\t\t\t\t\t\t<\/div>\n\t\t\t\t\t\t\t\t\t<\/a>\n\t\t\t\t\t<\/div>\n\t\t\t\t\t<\/div>\n\t\t\t\t<\/div>\n\t\t\t\t\t<\/div>\n\t\t<\/div>\n\t\t\t\t\t<\/div>\n\t\t<\/section>\n\t\t\t\t<section class=\"elementor-section elementor-top-section elementor-element elementor-element-9473d4a elementor-section-boxed elementor-section-height-default elementor-section-height-default\" data-id=\"9473d4a\" data-element_type=\"section\" data-e-type=\"section\">\n\t\t\t\t\t\t<div class=\"elementor-container elementor-column-gap-default\">\n\t\t\t\t\t<div class=\"elementor-column elementor-col-100 elementor-top-column elementor-element elementor-element-24c007ee\" data-id=\"24c007ee\" data-element_type=\"column\" data-e-type=\"column\">\n\t\t\t<div class=\"elementor-widget-wrap elementor-element-populated\">\n\t\t\t\t\t\t<div class=\"elementor-element elementor-element-78d7cce elementor-widget elementor-widget-text-editor\" data-id=\"78d7cce\" data-element_type=\"widget\" data-e-type=\"widget\" data-widget_type=\"text-editor.default\">\n\t\t\t\t<div class=\"elementor-widget-container\">\n\t\t\t\t\t\t\t\t\t<p><b style=\"color: var( --e-global-color-text ); font-family: var( --e-global-typography-text-font-family ), Sans-serif; font-size: 1rem;\">If you also want to help the Christians of the East and Armenia, you will find below two concrete ways to do so: by making a donation or by volunteering.<\/b><br><\/p>\n<p><\/p>\t\t\t\t\t\t\t\t<\/div>\n\t\t\t\t<\/div>\n\t\t\t\t<section class=\"elementor-section elementor-inner-section elementor-element elementor-element-c240854 elementor-section-boxed elementor-section-height-default elementor-section-height-default\" data-id=\"c240854\" data-element_type=\"section\" data-e-type=\"section\">\n\t\t\t\t\t\t<div class=\"elementor-container elementor-column-gap-default\">\n\t\t\t\t\t<div class=\"elementor-column elementor-col-50 elementor-inner-column elementor-element elementor-element-37fcc217\" data-id=\"37fcc217\" data-element_type=\"column\" data-e-type=\"column\" data-settings=\"{&quot;background_background&quot;:&quot;classic&quot;}\">\n\t\t\t<div class=\"elementor-widget-wrap elementor-element-populated\">\n\t\t\t\t\t\t<div class=\"elementor-element elementor-element-36b1447 elementor-widget elementor-widget-spacer\" data-id=\"36b1447\" data-element_type=\"widget\" data-e-type=\"widget\" data-widget_type=\"spacer.default\">\n\t\t\t\t<div class=\"elementor-widget-container\">\n\t\t\t\t\t\t\t<div class=\"elementor-spacer\">\n\t\t\t<div class=\"elementor-spacer-inner\"><\/div>\n\t\t<\/div>\n\t\t\t\t\t\t<\/div>\n\t\t\t\t<\/div>\n\t\t\t\t<div class=\"elementor-element elementor-element-655e1f9a elementor-widget elementor-widget-image\" data-id=\"655e1f9a\" data-element_type=\"widget\" data-e-type=\"widget\" data-widget_type=\"image.default\">\n\t\t\t\t<div class=\"elementor-widget-container\">\n\t\t\t\t\t\t\t\t\t\t\t\t\t\t\t<img decoding=\"async\" width=\"35\" height=\"35\" src=\"https:\/\/comedepreville.fr\/wp-content\/uploads\/2022\/03\/icon-oo-don.png\" class=\"attachment-full size-full wp-image-1466\" alt=\"\" \/>\t\t\t\t\t\t\t\t\t\t\t\t\t\t\t<\/div>\n\t\t\t\t<\/div>\n\t\t\t\t<div class=\"elementor-element elementor-element-4a61f92b elementor-widget elementor-widget-heading\" data-id=\"4a61f92b\" data-element_type=\"widget\" data-e-type=\"widget\" data-widget_type=\"heading.default\">\n\t\t\t\t<div class=\"elementor-widget-container\">\n\t\t\t\t\t<h3 class=\"elementor-heading-title elementor-size-default\">donate to Christians in the Orient<\/h3>\t\t\t\t<\/div>\n\t\t\t\t<\/div>\n\t\t\t\t<div class=\"elementor-element elementor-element-7ab880c9 elementor-align-center elementor-widget elementor-widget-button\" data-id=\"7ab880c9\" data-element_type=\"widget\" data-e-type=\"widget\" data-widget_type=\"button.default\">\n\t\t\t\t<div class=\"elementor-widget-container\">\n\t\t\t\t\t\t\t\t\t<div class=\"elementor-button-wrapper\">\n\t\t\t\t\t<a class=\"elementor-button elementor-button-link elementor-size-sm\" href=\"https:\/\/secure.oeuvre-orient.fr\/soutenir?utm_source=sitecome&#038;utm_medium=sitecome&#038;utm_campaign=sitecome&#038;utm_content=sitecome\">\n\t\t\t\t\t\t<span class=\"elementor-button-content-wrapper\">\n\t\t\t\t\t\t\t\t\t<span class=\"elementor-button-text\">I donate<\/span>\n\t\t\t\t\t<\/span>\n\t\t\t\t\t<\/a>\n\t\t\t\t<\/div>\n\t\t\t\t\t\t\t\t<\/div>\n\t\t\t\t<\/div>\n\t\t\t\t<div class=\"elementor-element elementor-element-26dfd4b6 elementor-widget elementor-widget-spacer\" data-id=\"26dfd4b6\" data-element_type=\"widget\" data-e-type=\"widget\" data-widget_type=\"spacer.default\">\n\t\t\t\t<div class=\"elementor-widget-container\">\n\t\t\t\t\t\t\t<div class=\"elementor-spacer\">\n\t\t\t<div class=\"elementor-spacer-inner\"><\/div>\n\t\t<\/div>\n\t\t\t\t\t\t<\/div>\n\t\t\t\t<\/div>\n\t\t\t\t\t<\/div>\n\t\t<\/div>\n\t\t\t\t<div class=\"elementor-column elementor-col-50 elementor-inner-column elementor-element elementor-element-605c9008\" data-id=\"605c9008\" data-element_type=\"column\" data-e-type=\"column\" data-settings=\"{&quot;background_background&quot;:&quot;classic&quot;}\">\n\t\t\t<div class=\"elementor-widget-wrap elementor-element-populated\">\n\t\t\t\t\t\t<div class=\"elementor-element elementor-element-38b3d565 elementor-widget elementor-widget-spacer\" data-id=\"38b3d565\" data-element_type=\"widget\" data-e-type=\"widget\" data-widget_type=\"spacer.default\">\n\t\t\t\t<div class=\"elementor-widget-container\">\n\t\t\t\t\t\t\t<div class=\"elementor-spacer\">\n\t\t\t<div class=\"elementor-spacer-inner\"><\/div>\n\t\t<\/div>\n\t\t\t\t\t\t<\/div>\n\t\t\t\t<\/div>\n\t\t\t\t<div class=\"elementor-element elementor-element-32e3b608 elementor-widget elementor-widget-image\" data-id=\"32e3b608\" data-element_type=\"widget\" data-e-type=\"widget\" data-widget_type=\"image.default\">\n\t\t\t\t<div class=\"elementor-widget-container\">\n\t\t\t\t\t\t\t\t\t\t\t\t\t\t\t<img decoding=\"async\" width=\"35\" height=\"35\" src=\"https:\/\/comedepreville.fr\/wp-content\/uploads\/2022\/03\/icon-oo-don.png\" class=\"attachment-full size-full wp-image-1466\" alt=\"\" \/>\t\t\t\t\t\t\t\t\t\t\t\t\t\t\t<\/div>\n\t\t\t\t<\/div>\n\t\t\t\t<div class=\"elementor-element elementor-element-7882150c elementor-widget elementor-widget-heading\" data-id=\"7882150c\" data-element_type=\"widget\" data-e-type=\"widget\" data-widget_type=\"heading.default\">\n\t\t\t\t<div class=\"elementor-widget-container\">\n\t\t\t\t\t<h3 class=\"elementor-heading-title elementor-size-default\">volunteer<\/h3>\t\t\t\t<\/div>\n\t\t\t\t<\/div>\n\t\t\t\t<div class=\"elementor-element elementor-element-42cf849 elementor-align-center elementor-widget elementor-widget-button\" data-id=\"42cf849\" data-element_type=\"widget\" data-e-type=\"widget\" data-widget_type=\"button.default\">\n\t\t\t\t<div class=\"elementor-widget-container\">\n\t\t\t\t\t\t\t\t\t<div class=\"elementor-button-wrapper\">\n\t\t\t\t\t<a class=\"elementor-button elementor-button-link elementor-size-sm\" href=\"https:\/\/oeuvre-orient.fr\/devenir-volontaire\/\">\n\t\t\t\t\t\t<span class=\"elementor-button-content-wrapper\">\n\t\t\t\t\t\t\t\t\t<span class=\"elementor-button-text\">More info<\/span>\n\t\t\t\t\t<\/span>\n\t\t\t\t\t<\/a>\n\t\t\t\t<\/div>\n\t\t\t\t\t\t\t\t<\/div>\n\t\t\t\t<\/div>\n\t\t\t\t<div class=\"elementor-element elementor-element-4a0d1b4a elementor-widget elementor-widget-spacer\" data-id=\"4a0d1b4a\" data-element_type=\"widget\" data-e-type=\"widget\" data-widget_type=\"spacer.default\">\n\t\t\t\t<div class=\"elementor-widget-container\">\n\t\t\t\t\t\t\t<div class=\"elementor-spacer\">\n\t\t\t<div class=\"elementor-spacer-inner\"><\/div>\n\t\t<\/div>\n\t\t\t\t\t\t<\/div>\n\t\t\t\t<\/div>\n\t\t\t\t\t<\/div>\n\t\t<\/div>\n\t\t\t\t\t<\/div>\n\t\t<\/section>\n\t\t\t\t\t<\/div>\n\t\t<\/div>\n\t\t\t\t\t<\/div>\n\t\t<\/section>\n\t\t\t\t<section class=\"elementor-section elementor-top-section elementor-element elementor-element-2be96559 elementor-section-boxed elementor-section-height-default elementor-section-height-default\" data-id=\"2be96559\" data-element_type=\"section\" data-e-type=\"section\">\n\t\t\t\t\t\t<div class=\"elementor-container elementor-column-gap-default\">\n\t\t\t\t\t<div class=\"elementor-column elementor-col-100 elementor-top-column elementor-element elementor-element-c3ca9bf\" data-id=\"c3ca9bf\" data-element_type=\"column\" data-e-type=\"column\">\n\t\t\t<div class=\"elementor-widget-wrap elementor-element-populated\">\n\t\t\t\t\t\t<div class=\"elementor-element elementor-element-56dad2e4 elementor-post-navigation-borders-yes elementor-widget elementor-widget-post-navigation\" data-id=\"56dad2e4\" data-element_type=\"widget\" data-e-type=\"widget\" data-widget_type=\"post-navigation.default\">\n\t\t\t\t<div class=\"elementor-widget-container\">\n\t\t\t\t\t\t\t<div class=\"elementor-post-navigation\" role=\"navigation\" aria-label=\"Post Navigation\">\n\t\t\t<div class=\"elementor-post-navigation__prev elementor-post-navigation__link\">\n\t\t\t\t<a href=\"https:\/\/comedepreville.fr\/en\/reportage\/sous-reportage\/gyumri-et-le-shirak\/\" rel=\"prev\"><span class=\"post-navigation__arrow-wrapper post-navigation__arrow-prev\"><i aria-hidden=\"true\" class=\"fas fa-angle-left\"><\/i><span class=\"elementor-screen-only\">Prev<\/span><\/span><span class=\"elementor-post-navigation__link__prev\"><span class=\"post-navigation__prev--label\">Previous<\/span><span class=\"post-navigation__prev--title\">Gyumri and the Shirak region<\/span><\/span><\/a>\t\t\t<\/div>\n\t\t\t\t\t\t\t<div class=\"elementor-post-navigation__separator-wrapper\">\n\t\t\t\t\t<div class=\"elementor-post-navigation__separator\"><\/div>\n\t\t\t\t<\/div>\n\t\t\t\t\t\t<div class=\"elementor-post-navigation__next elementor-post-navigation__link\">\n\t\t\t\t<a href=\"https:\/\/comedepreville.fr\/en\/reportage\/les-pecheurs-lorientais-en-colere\/\" rel=\"next\"><span class=\"elementor-post-navigation__link__next\"><span class=\"post-navigation__next--label\">Next<\/span><span class=\"post-navigation__next--title\">Keroman fishermen's anger<\/span><\/span><span class=\"post-navigation__arrow-wrapper post-navigation__arrow-next\"><i aria-hidden=\"true\" class=\"fas fa-angle-right\"><\/i><span class=\"elementor-screen-only\">Next<\/span><\/span><\/a>\t\t\t<\/div>\n\t\t<\/div>\n\t\t\t\t\t\t<\/div>\n\t\t\t\t<\/div>\n\t\t\t\t\t<\/div>\n\t\t<\/div>\n\t\t\t\t\t<\/div>\n\t\t<\/section>\n\t\t\t\t<\/div>","protected":false},"excerpt":{"rendered":"<p>terre de contrastes Quels contrastes entre la flamboyante capitale de l&rsquo;Arm\u00e9nie, Erevan, les longues routes de Sisian, la qui\u00e9tude Goris, et la brume des gorges de\u00a0Khndzoresk ! Longues heures de route \u00e0 osciller entre montagnes pierreuses, vall\u00e9es verdoyantes, monast\u00e8res perch\u00e9s ou villages isol\u00e9s &#8230; Pour ces derniers jours de mon reportage photo en Arm\u00e9nie, je [&hellip;]<\/p>\n","protected":false},"author":1,"featured_media":388,"comment_status":"closed","ping_status":"closed","sticky":false,"template":"","format":"standard","meta":{"footnotes":""},"categories":[24],"tags":[22],"class_list":["post-371","post","type-post","status-publish","format-standard","has-post-thumbnail","hentry","category-sous-reportage","tag-22"],"yoast_head":"<!-- This site is optimized with the Yoast SEO plugin v27.5 - https:\/\/yoast.com\/product\/yoast-seo-wordpress\/ -->\n<title>D&#039;Erevan \u00e0 Goris &#8211; Reportage photo de C\u00f4me de Pr\u00e9ville<\/title>\n<meta name=\"description\" content=\"Reportage photo de C\u00f4me de Pr\u00e9ville en Arm\u00e9nie : d&#039;Erevan \u00e0 Goris en passant par Sisian, Tatev, Khndzoresk et autres paysages.\" \/>\n<meta name=\"robots\" content=\"index, follow, max-snippet:-1, max-image-preview:large, max-video-preview:-1\" \/>\n<link rel=\"canonical\" href=\"https:\/\/comedepreville.fr\/en\/reportage\/sous-reportage\/d-erevan-a-goris\/\" \/>\n<meta property=\"og:locale\" content=\"en_GB\" \/>\n<meta property=\"og:type\" content=\"article\" \/>\n<meta property=\"og:title\" content=\"D&#039;Erevan \u00e0 Goris &#8211; Reportage photo de C\u00f4me de Pr\u00e9ville\" \/>\n<meta property=\"og:description\" content=\"Reportage photo de C\u00f4me de Pr\u00e9ville en Arm\u00e9nie : d&#039;Erevan \u00e0 Goris en passant par Sisian, Tatev, Khndzoresk et autres paysages.\" \/>\n<meta property=\"og:url\" content=\"https:\/\/comedepreville.fr\/en\/reportage\/sous-reportage\/d-erevan-a-goris\/\" \/>\n<meta property=\"og:site_name\" content=\"C\u00f4me de Pr\u00e9ville\" \/>\n<meta property=\"article:publisher\" content=\"fb.me\/comedepreville\" \/>\n<meta property=\"article:author\" content=\"fb.me\/comedepreville\" \/>\n<meta property=\"article:published_time\" content=\"2021-11-12T14:06:55+00:00\" \/>\n<meta property=\"article:modified_time\" content=\"2025-02-11T17:55:29+00:00\" \/>\n<meta property=\"og:image\" content=\"https:\/\/comedepreville.fr\/wp-content\/uploads\/2021\/11\/Armenie-Come-2021-121.jpg\" \/>\n\t<meta property=\"og:image:width\" content=\"2000\" \/>\n\t<meta property=\"og:image:height\" content=\"1500\" \/>\n\t<meta property=\"og:image:type\" content=\"image\/jpeg\" \/>\n<meta name=\"author\" content=\"C\u00f4me de Pr\u00e9ville\" \/>\n<meta name=\"twitter:card\" content=\"summary_large_image\" \/>\n<meta name=\"twitter:creator\" content=\"@sailing_coco\" \/>\n<meta name=\"twitter:site\" content=\"@sailing_coco\" \/>\n<meta name=\"twitter:label1\" content=\"Written by\" \/>\n\t<meta name=\"twitter:data1\" content=\"C\u00f4me de Pr\u00e9ville\" \/>\n\t<meta name=\"twitter:label2\" content=\"Estimated reading time\" \/>\n\t<meta name=\"twitter:data2\" content=\"3 minutes\" \/>\n<script type=\"application\/ld+json\" class=\"yoast-schema-graph\">{\"@context\":\"https:\\\/\\\/schema.org\",\"@graph\":[{\"@type\":\"Article\",\"@id\":\"https:\\\/\\\/comedepreville.fr\\\/reportage\\\/sous-reportage\\\/d-erevan-a-goris\\\/#article\",\"isPartOf\":{\"@id\":\"https:\\\/\\\/comedepreville.fr\\\/reportage\\\/sous-reportage\\\/d-erevan-a-goris\\\/\"},\"author\":{\"name\":\"C\u00f4me de Pr\u00e9ville\",\"@id\":\"https:\\\/\\\/comedepreville.fr\\\/#\\\/schema\\\/person\\\/7e4b1911f4e6fdf5ed92275b0ef5b9e7\"},\"headline\":\"D&rsquo;Erevan \u00e0 Goris\",\"datePublished\":\"2021-11-12T14:06:55+00:00\",\"dateModified\":\"2025-02-11T17:55:29+00:00\",\"mainEntityOfPage\":{\"@id\":\"https:\\\/\\\/comedepreville.fr\\\/reportage\\\/sous-reportage\\\/d-erevan-a-goris\\\/\"},\"wordCount\":483,\"publisher\":{\"@id\":\"https:\\\/\\\/comedepreville.fr\\\/#\\\/schema\\\/person\\\/7e4b1911f4e6fdf5ed92275b0ef5b9e7\"},\"image\":{\"@id\":\"https:\\\/\\\/comedepreville.fr\\\/reportage\\\/sous-reportage\\\/d-erevan-a-goris\\\/#primaryimage\"},\"thumbnailUrl\":\"https:\\\/\\\/comedepreville.fr\\\/wp-content\\\/uploads\\\/2021\\\/11\\\/Armenie-Come-2021-121.jpg\",\"keywords\":[\"2021\"],\"articleSection\":[\"Sous-reportage\"],\"inLanguage\":\"en-GB\"},{\"@type\":\"WebPage\",\"@id\":\"https:\\\/\\\/comedepreville.fr\\\/reportage\\\/sous-reportage\\\/d-erevan-a-goris\\\/\",\"url\":\"https:\\\/\\\/comedepreville.fr\\\/reportage\\\/sous-reportage\\\/d-erevan-a-goris\\\/\",\"name\":\"D'Erevan \u00e0 Goris &#8211; Reportage photo de C\u00f4me de Pr\u00e9ville\",\"isPartOf\":{\"@id\":\"https:\\\/\\\/comedepreville.fr\\\/#website\"},\"primaryImageOfPage\":{\"@id\":\"https:\\\/\\\/comedepreville.fr\\\/reportage\\\/sous-reportage\\\/d-erevan-a-goris\\\/#primaryimage\"},\"image\":{\"@id\":\"https:\\\/\\\/comedepreville.fr\\\/reportage\\\/sous-reportage\\\/d-erevan-a-goris\\\/#primaryimage\"},\"thumbnailUrl\":\"https:\\\/\\\/comedepreville.fr\\\/wp-content\\\/uploads\\\/2021\\\/11\\\/Armenie-Come-2021-121.jpg\",\"datePublished\":\"2021-11-12T14:06:55+00:00\",\"dateModified\":\"2025-02-11T17:55:29+00:00\",\"description\":\"Reportage photo de C\u00f4me de Pr\u00e9ville en Arm\u00e9nie : d'Erevan \u00e0 Goris en passant par Sisian, Tatev, Khndzoresk et autres paysages.\",\"breadcrumb\":{\"@id\":\"https:\\\/\\\/comedepreville.fr\\\/reportage\\\/sous-reportage\\\/d-erevan-a-goris\\\/#breadcrumb\"},\"inLanguage\":\"en-GB\",\"potentialAction\":[{\"@type\":\"ReadAction\",\"target\":[\"https:\\\/\\\/comedepreville.fr\\\/reportage\\\/sous-reportage\\\/d-erevan-a-goris\\\/\"]}]},{\"@type\":\"ImageObject\",\"inLanguage\":\"en-GB\",\"@id\":\"https:\\\/\\\/comedepreville.fr\\\/reportage\\\/sous-reportage\\\/d-erevan-a-goris\\\/#primaryimage\",\"url\":\"https:\\\/\\\/comedepreville.fr\\\/wp-content\\\/uploads\\\/2021\\\/11\\\/Armenie-Come-2021-121.jpg\",\"contentUrl\":\"https:\\\/\\\/comedepreville.fr\\\/wp-content\\\/uploads\\\/2021\\\/11\\\/Armenie-Come-2021-121.jpg\",\"width\":2000,\"height\":1500,\"caption\":\"Une arm\u00e9nienne prie en allumant des bougies dans le monast\u00e8re de Tatev.\"},{\"@type\":\"BreadcrumbList\",\"@id\":\"https:\\\/\\\/comedepreville.fr\\\/reportage\\\/sous-reportage\\\/d-erevan-a-goris\\\/#breadcrumb\",\"itemListElement\":[{\"@type\":\"ListItem\",\"position\":1,\"name\":\"Accueil\",\"item\":\"https:\\\/\\\/comedepreville.fr\\\/\"},{\"@type\":\"ListItem\",\"position\":2,\"name\":\"Reportages\",\"item\":\"https:\\\/\\\/comedepreville.fr\\\/reportages\\\/\"},{\"@type\":\"ListItem\",\"position\":3,\"name\":\"Peuple d&rsquo;Arm\u00e9nie\",\"item\":\"https:\\\/\\\/comedepreville.fr\\\/reportage\\\/armenie-2021\\\/\"},{\"@type\":\"ListItem\",\"position\":4,\"name\":\"D&rsquo;Erevan \u00e0 Goris\"}]},{\"@type\":\"WebSite\",\"@id\":\"https:\\\/\\\/comedepreville.fr\\\/#website\",\"url\":\"https:\\\/\\\/comedepreville.fr\\\/\",\"name\":\"C\u00f4me de Pr\u00e9ville\",\"description\":\"Photoreporter\",\"publisher\":{\"@id\":\"https:\\\/\\\/comedepreville.fr\\\/#\\\/schema\\\/person\\\/7e4b1911f4e6fdf5ed92275b0ef5b9e7\"},\"potentialAction\":[{\"@type\":\"SearchAction\",\"target\":{\"@type\":\"EntryPoint\",\"urlTemplate\":\"https:\\\/\\\/comedepreville.fr\\\/?s={search_term_string}\"},\"query-input\":{\"@type\":\"PropertyValueSpecification\",\"valueRequired\":true,\"valueName\":\"search_term_string\"}}],\"inLanguage\":\"en-GB\"},{\"@type\":[\"Person\",\"Organization\"],\"@id\":\"https:\\\/\\\/comedepreville.fr\\\/#\\\/schema\\\/person\\\/7e4b1911f4e6fdf5ed92275b0ef5b9e7\",\"name\":\"C\u00f4me de Pr\u00e9ville\",\"image\":{\"@type\":\"ImageObject\",\"inLanguage\":\"en-GB\",\"@id\":\"https:\\\/\\\/comedepreville.fr\\\/wp-content\\\/uploads\\\/2021\\\/11\\\/Fichier-3.png\",\"url\":\"https:\\\/\\\/comedepreville.fr\\\/wp-content\\\/uploads\\\/2021\\\/11\\\/Fichier-3.png\",\"contentUrl\":\"https:\\\/\\\/comedepreville.fr\\\/wp-content\\\/uploads\\\/2021\\\/11\\\/Fichier-3.png\",\"width\":800,\"height\":166,\"caption\":\"C\u00f4me de Pr\u00e9ville\"},\"logo\":{\"@id\":\"https:\\\/\\\/comedepreville.fr\\\/wp-content\\\/uploads\\\/2021\\\/11\\\/Fichier-3.png\"},\"sameAs\":[\"http:\\\/\\\/comedepreville.fr\",\"fb.me\\\/comedepreville\",\"https:\\\/\\\/www.instagram.com\\\/comedepreville\\\/\",\"https:\\\/\\\/fr.linkedin.com\\\/in\\\/comedepreville\"]}]}<\/script>\n<!-- \/ Yoast SEO plugin. -->","yoast_head_json":{"title":"D'Erevan \u00e0 Goris &#8211; Reportage photo de C\u00f4me de Pr\u00e9ville","description":"Reportage photo de C\u00f4me de Pr\u00e9ville en Arm\u00e9nie : d'Erevan \u00e0 Goris en passant par Sisian, Tatev, Khndzoresk et autres paysages.","robots":{"index":"index","follow":"follow","max-snippet":"max-snippet:-1","max-image-preview":"max-image-preview:large","max-video-preview":"max-video-preview:-1"},"canonical":"https:\/\/comedepreville.fr\/en\/reportage\/sous-reportage\/d-erevan-a-goris\/","og_locale":"en_GB","og_type":"article","og_title":"D'Erevan \u00e0 Goris &#8211; Reportage photo de C\u00f4me de Pr\u00e9ville","og_description":"Reportage photo de C\u00f4me de Pr\u00e9ville en Arm\u00e9nie : d'Erevan \u00e0 Goris en passant par Sisian, Tatev, Khndzoresk et autres paysages.","og_url":"https:\/\/comedepreville.fr\/en\/reportage\/sous-reportage\/d-erevan-a-goris\/","og_site_name":"C\u00f4me de Pr\u00e9ville","article_publisher":"fb.me\/comedepreville","article_author":"fb.me\/comedepreville","article_published_time":"2021-11-12T14:06:55+00:00","article_modified_time":"2025-02-11T17:55:29+00:00","og_image":[{"width":2000,"height":1500,"url":"https:\/\/comedepreville.fr\/wp-content\/uploads\/2021\/11\/Armenie-Come-2021-121.jpg","type":"image\/jpeg"}],"author":"C\u00f4me de Pr\u00e9ville","twitter_card":"summary_large_image","twitter_creator":"@sailing_coco","twitter_site":"@sailing_coco","twitter_misc":{"Written by":"C\u00f4me de Pr\u00e9ville","Estimated reading time":"3 minutes"},"schema":{"@context":"https:\/\/schema.org","@graph":[{"@type":"Article","@id":"https:\/\/comedepreville.fr\/reportage\/sous-reportage\/d-erevan-a-goris\/#article","isPartOf":{"@id":"https:\/\/comedepreville.fr\/reportage\/sous-reportage\/d-erevan-a-goris\/"},"author":{"name":"C\u00f4me de Pr\u00e9ville","@id":"https:\/\/comedepreville.fr\/#\/schema\/person\/7e4b1911f4e6fdf5ed92275b0ef5b9e7"},"headline":"D&rsquo;Erevan \u00e0 Goris","datePublished":"2021-11-12T14:06:55+00:00","dateModified":"2025-02-11T17:55:29+00:00","mainEntityOfPage":{"@id":"https:\/\/comedepreville.fr\/reportage\/sous-reportage\/d-erevan-a-goris\/"},"wordCount":483,"publisher":{"@id":"https:\/\/comedepreville.fr\/#\/schema\/person\/7e4b1911f4e6fdf5ed92275b0ef5b9e7"},"image":{"@id":"https:\/\/comedepreville.fr\/reportage\/sous-reportage\/d-erevan-a-goris\/#primaryimage"},"thumbnailUrl":"https:\/\/comedepreville.fr\/wp-content\/uploads\/2021\/11\/Armenie-Come-2021-121.jpg","keywords":["2021"],"articleSection":["Sous-reportage"],"inLanguage":"en-GB"},{"@type":"WebPage","@id":"https:\/\/comedepreville.fr\/reportage\/sous-reportage\/d-erevan-a-goris\/","url":"https:\/\/comedepreville.fr\/reportage\/sous-reportage\/d-erevan-a-goris\/","name":"D'Erevan \u00e0 Goris &#8211; Reportage photo de C\u00f4me de Pr\u00e9ville","isPartOf":{"@id":"https:\/\/comedepreville.fr\/#website"},"primaryImageOfPage":{"@id":"https:\/\/comedepreville.fr\/reportage\/sous-reportage\/d-erevan-a-goris\/#primaryimage"},"image":{"@id":"https:\/\/comedepreville.fr\/reportage\/sous-reportage\/d-erevan-a-goris\/#primaryimage"},"thumbnailUrl":"https:\/\/comedepreville.fr\/wp-content\/uploads\/2021\/11\/Armenie-Come-2021-121.jpg","datePublished":"2021-11-12T14:06:55+00:00","dateModified":"2025-02-11T17:55:29+00:00","description":"Reportage photo de C\u00f4me de Pr\u00e9ville en Arm\u00e9nie : d'Erevan \u00e0 Goris en passant par Sisian, Tatev, Khndzoresk et autres paysages.","breadcrumb":{"@id":"https:\/\/comedepreville.fr\/reportage\/sous-reportage\/d-erevan-a-goris\/#breadcrumb"},"inLanguage":"en-GB","potentialAction":[{"@type":"ReadAction","target":["https:\/\/comedepreville.fr\/reportage\/sous-reportage\/d-erevan-a-goris\/"]}]},{"@type":"ImageObject","inLanguage":"en-GB","@id":"https:\/\/comedepreville.fr\/reportage\/sous-reportage\/d-erevan-a-goris\/#primaryimage","url":"https:\/\/comedepreville.fr\/wp-content\/uploads\/2021\/11\/Armenie-Come-2021-121.jpg","contentUrl":"https:\/\/comedepreville.fr\/wp-content\/uploads\/2021\/11\/Armenie-Come-2021-121.jpg","width":2000,"height":1500,"caption":"Une arm\u00e9nienne prie en allumant des bougies dans le monast\u00e8re de Tatev."},{"@type":"BreadcrumbList","@id":"https:\/\/comedepreville.fr\/reportage\/sous-reportage\/d-erevan-a-goris\/#breadcrumb","itemListElement":[{"@type":"ListItem","position":1,"name":"Accueil","item":"https:\/\/comedepreville.fr\/"},{"@type":"ListItem","position":2,"name":"Reportages","item":"https:\/\/comedepreville.fr\/reportages\/"},{"@type":"ListItem","position":3,"name":"Peuple d&rsquo;Arm\u00e9nie","item":"https:\/\/comedepreville.fr\/reportage\/armenie-2021\/"},{"@type":"ListItem","position":4,"name":"D&rsquo;Erevan \u00e0 Goris"}]},{"@type":"WebSite","@id":"https:\/\/comedepreville.fr\/#website","url":"https:\/\/comedepreville.fr\/","name":"C\u00f4me de Pr\u00e9ville","description":"Photoreporter","publisher":{"@id":"https:\/\/comedepreville.fr\/#\/schema\/person\/7e4b1911f4e6fdf5ed92275b0ef5b9e7"},"potentialAction":[{"@type":"SearchAction","target":{"@type":"EntryPoint","urlTemplate":"https:\/\/comedepreville.fr\/?s={search_term_string}"},"query-input":{"@type":"PropertyValueSpecification","valueRequired":true,"valueName":"search_term_string"}}],"inLanguage":"en-GB"},{"@type":["Person","Organization"],"@id":"https:\/\/comedepreville.fr\/#\/schema\/person\/7e4b1911f4e6fdf5ed92275b0ef5b9e7","name":"C\u00f4me de Pr\u00e9ville","image":{"@type":"ImageObject","inLanguage":"en-GB","@id":"https:\/\/comedepreville.fr\/wp-content\/uploads\/2021\/11\/Fichier-3.png","url":"https:\/\/comedepreville.fr\/wp-content\/uploads\/2021\/11\/Fichier-3.png","contentUrl":"https:\/\/comedepreville.fr\/wp-content\/uploads\/2021\/11\/Fichier-3.png","width":800,"height":166,"caption":"C\u00f4me de Pr\u00e9ville"},"logo":{"@id":"https:\/\/comedepreville.fr\/wp-content\/uploads\/2021\/11\/Fichier-3.png"},"sameAs":["http:\/\/comedepreville.fr","fb.me\/comedepreville","https:\/\/www.instagram.com\/comedepreville\/","https:\/\/fr.linkedin.com\/in\/comedepreville"]}]}},"_links":{"self":[{"href":"https:\/\/comedepreville.fr\/en\/wp-json\/wp\/v2\/posts\/371","targetHints":{"allow":["GET"]}}],"collection":[{"href":"https:\/\/comedepreville.fr\/en\/wp-json\/wp\/v2\/posts"}],"about":[{"href":"https:\/\/comedepreville.fr\/en\/wp-json\/wp\/v2\/types\/post"}],"author":[{"embeddable":true,"href":"https:\/\/comedepreville.fr\/en\/wp-json\/wp\/v2\/users\/1"}],"replies":[{"embeddable":true,"href":"https:\/\/comedepreville.fr\/en\/wp-json\/wp\/v2\/comments?post=371"}],"version-history":[{"count":86,"href":"https:\/\/comedepreville.fr\/en\/wp-json\/wp\/v2\/posts\/371\/revisions"}],"predecessor-version":[{"id":4286,"href":"https:\/\/comedepreville.fr\/en\/wp-json\/wp\/v2\/posts\/371\/revisions\/4286"}],"wp:featuredmedia":[{"embeddable":true,"href":"https:\/\/comedepreville.fr\/en\/wp-json\/wp\/v2\/media\/388"}],"wp:attachment":[{"href":"https:\/\/comedepreville.fr\/en\/wp-json\/wp\/v2\/media?parent=371"}],"wp:term":[{"taxonomy":"category","embeddable":true,"href":"https:\/\/comedepreville.fr\/en\/wp-json\/wp\/v2\/categories?post=371"},{"taxonomy":"post_tag","embeddable":true,"href":"https:\/\/comedepreville.fr\/en\/wp-json\/wp\/v2\/tags?post=371"}],"curies":[{"name":"wp","href":"https:\/\/api.w.org\/{rel}","templated":true}]}}