{"id":4768,"date":"2025-02-28T15:31:24","date_gmt":"2025-02-28T14:31:24","guid":{"rendered":"https:\/\/comedepreville.fr\/?p=4768"},"modified":"2025-03-03T10:48:21","modified_gmt":"2025-03-03T09:48:21","slug":"les-refugies-de-yeraskh","status":"publish","type":"post","link":"https:\/\/comedepreville.fr\/en\/reportage\/les-refugies-de-yeraskh\/","title":{"rendered":"The refugees of Yeraskh"},"content":{"rendered":"\t\t<div data-elementor-type=\"wp-post\" data-elementor-id=\"4768\" class=\"elementor elementor-4768\" data-elementor-post-type=\"post\">\n\t\t\t\t<div class=\"elementor-element elementor-element-2001d33 e-flex e-con-boxed e-con e-parent\" data-id=\"2001d33\" data-element_type=\"container\" data-e-type=\"container\">\n\t\t\t\t\t<div class=\"e-con-inner\">\n\t\t\t\t<div class=\"elementor-element elementor-element-a3cfc6c elementor-widget elementor-widget-text-editor\" data-id=\"a3cfc6c\" data-element_type=\"widget\" data-e-type=\"widget\" data-widget_type=\"text-editor.default\">\n\t\t\t\t<div class=\"elementor-widget-container\">\n\t\t\t\t\t\t\t\t\t<p>Reportage photo r\u00e9alis\u00e9 en Arm\u00e9nie en d\u00e9cembre 2024 par C\u00f4me de Pr\u00e9ville.<\/p>\t\t\t\t\t\t\t\t<\/div>\n\t\t\t\t<\/div>\n\t\t\t\t<div class=\"elementor-element elementor-element-2150292 elementor-widget elementor-widget-heading\" data-id=\"2150292\" data-element_type=\"widget\" data-e-type=\"widget\" data-widget_type=\"heading.default\">\n\t\t\t\t<div class=\"elementor-widget-container\">\n\t\t\t\t\t<h2 class=\"elementor-heading-title elementor-size-default\">Yeraskh<\/h2>\t\t\t\t<\/div>\n\t\t\t\t<\/div>\n\t\t\t\t<div class=\"elementor-element elementor-element-d07a3e5 elementor-widget elementor-widget-text-editor\" data-id=\"d07a3e5\" data-element_type=\"widget\" data-e-type=\"widget\" data-widget_type=\"text-editor.default\">\n\t\t\t\t<div class=\"elementor-widget-container\">\n\t\t\t\t\t\t\t\t\t<p>La voiture cahote sur les chemins de terre de Yeraskh, entre les orni\u00e8res boueuses et les pierres de bord de chemin. En haut, sur les collines, deux miradors se font face. Le drapeau arm\u00e9nien flotte sur le plus proche, l&rsquo;autre arbore le pavillon az\u00e9ri. La voiture s&rsquo;arr\u00eate entre quelques masures de briques et de t\u00f4les, sous le regard las d&rsquo;un chien encha\u00een\u00e9 \u00e0 une carcasse de voiture.<\/p><p>Je reconnais la station-service o\u00f9, trois ans auparavant, mon chauffeur avait fait une pause avant de reprendre la route pour la capitale. J&rsquo;y avais pris le temps d&rsquo;observer un artisan menuiser construisant une \u00e9chelle, dans un environnement qui \u00e9tait alors marqu\u00e9 par la guerre : les bords de route \u00e9taient orn\u00e9s de sacs de sable, on trouvait des soldats \u00e0 chaque coin de rue, et de nombreux chars russes \u00e9taient entrepos\u00e9s en file.<\/p><p>Aujourd&rsquo;hui, il ne subsiste de tout cela qu&rsquo;un petit drapeau de la F\u00e9d\u00e9ration de Russie sur un vieil Algeco bleu, illustration cruelle de l&rsquo;abandon de l&rsquo;Arm\u00e9nie par ses alli\u00e9s face \u00e0 ses voisins belliqueux.<\/p><p>C&rsquo;est ici m\u00eame, \u00e0 Yeraskh, que certaines familles r\u00e9fugi\u00e9es du Haut-Karabargh reconstruisent leur vie, apr\u00e8s l&rsquo;offensive \u00e9clair de l&rsquo;Azerba\u00efdjan d&rsquo;octobre 2023 qui a mis sur les routes pr\u00e8s de 100 000 civils. Je ne parviens pas \u00e0 imaginer combien cette situation est paradoxale et dramatique \u00e0 la fois ; puisqu&rsquo;en traversant l&rsquo;Arm\u00e9nie d&rsquo;est en ouest, elles se retrouvent \u00e0 nouveau au bord de la fronti\u00e8re az\u00e9rie, celle de l&rsquo;enclave du Nakhitchevan ; et \u00e0 nouveau au c\u0153ur du projet de \u201cZangedur\u201d, le gigantesque corridor r\u00e9clam\u00e9 par les Turcs pour couper l\u2019Arm\u00e9nie en deux.<\/p>\t\t\t\t\t\t\t\t<\/div>\n\t\t\t\t<\/div>\n\t\t\t\t<div class=\"elementor-element elementor-element-0009f44 elementor-widget elementor-widget-image\" data-id=\"0009f44\" data-element_type=\"widget\" data-e-type=\"widget\" data-widget_type=\"image.default\">\n\t\t\t\t<div class=\"elementor-widget-container\">\n\t\t\t\t\t\t\t\t\t\t\t\t<figure class=\"wp-caption\">\n\t\t\t\t\t\t\t\t\t\t\t<a href=\"https:\/\/comedepreville.fr\/wp-content\/uploads\/2025\/01\/CDP_7006_web.jpg\" data-elementor-open-lightbox=\"yes\" data-elementor-lightbox-description=\"De toutes les forces arm\u00e9es que j&#039;avais vu en 2021, il ne subsiste qu&#039;un petit drapeau de la F\u00e9d\u00e9ration de Russie sur un vieil Algeco bleu, illustration cruelle de l&#039;abandon de l&#039;Arm\u00e9nie par ses alli\u00e9s face \u00e0 ses voisins belliqueux.\" data-e-action-hash=\"#elementor-action%3Aaction%3Dlightbox%26settings%3DeyJpZCI6MzYwNSwidXJsIjoiaHR0cHM6XC9cL2NvbWVkZXByZXZpbGxlLmZyXC93cC1jb250ZW50XC91cGxvYWRzXC8yMDI1XC8wMVwvQ0RQXzcwMDZfd2ViLmpwZyJ9\">\n\t\t\t\t\t\t\t<img fetchpriority=\"high\" decoding=\"async\" width=\"800\" height=\"534\" src=\"https:\/\/comedepreville.fr\/wp-content\/uploads\/2025\/01\/CDP_7006_web-1024x683.jpg\" class=\"attachment-large size-large wp-image-3605\" alt=\"\" srcset=\"https:\/\/comedepreville.fr\/wp-content\/uploads\/2025\/01\/CDP_7006_web-1024x683.jpg 1024w, https:\/\/comedepreville.fr\/wp-content\/uploads\/2025\/01\/CDP_7006_web-300x200.jpg 300w, https:\/\/comedepreville.fr\/wp-content\/uploads\/2025\/01\/CDP_7006_web-768x512.jpg 768w, https:\/\/comedepreville.fr\/wp-content\/uploads\/2025\/01\/CDP_7006_web-1536x1024.jpg 1536w, https:\/\/comedepreville.fr\/wp-content\/uploads\/2025\/01\/CDP_7006_web-2048x1366.jpg 2048w, https:\/\/comedepreville.fr\/wp-content\/uploads\/2025\/01\/CDP_7006_web-18x12.jpg 18w\" sizes=\"(max-width: 800px) 100vw, 800px\" \/>\t\t\t\t\t\t\t\t<\/a>\n\t\t\t\t\t\t\t\t\t\t\t<figcaption class=\"widget-image-caption wp-caption-text\">De toutes les forces arm\u00e9es que j'avais vu en 2021, il ne subsiste qu'un petit drapeau de la F\u00e9d\u00e9ration de Russie sur un vieil Algeco bleu, illustration cruelle de l'abandon de l'Arm\u00e9nie par ses alli\u00e9s face \u00e0 ses voisins belliqueux.<\/figcaption>\n\t\t\t\t\t\t\t\t\t\t<\/figure>\n\t\t\t\t\t\t\t\t\t<\/div>\n\t\t\t\t<\/div>\n\t\t\t\t<div class=\"elementor-element elementor-element-37491cc elementor-widget elementor-widget-image\" data-id=\"37491cc\" data-element_type=\"widget\" data-e-type=\"widget\" data-widget_type=\"image.default\">\n\t\t\t\t<div class=\"elementor-widget-container\">\n\t\t\t\t\t\t\t\t\t\t\t\t<figure class=\"wp-caption\">\n\t\t\t\t\t\t\t\t\t\t\t<a href=\"https:\/\/comedepreville.fr\/wp-content\/uploads\/2025\/01\/CDP_6963_web.jpg\" data-elementor-open-lightbox=\"yes\" data-elementor-lightbox-description=\"Enfants pauvres de la r\u00e9gion d&#039;Ararat (Arm\u00e9nie)\" data-e-action-hash=\"#elementor-action%3Aaction%3Dlightbox%26settings%3DeyJpZCI6MzU5OCwidXJsIjoiaHR0cHM6XC9cL2NvbWVkZXByZXZpbGxlLmZyXC93cC1jb250ZW50XC91cGxvYWRzXC8yMDI1XC8wMVwvQ0RQXzY5NjNfd2ViLmpwZyJ9\">\n\t\t\t\t\t\t\t<img decoding=\"async\" width=\"800\" height=\"534\" src=\"https:\/\/comedepreville.fr\/wp-content\/uploads\/2025\/01\/CDP_6963_web-1024x683.jpg\" class=\"attachment-large size-large wp-image-3598\" alt=\"\" srcset=\"https:\/\/comedepreville.fr\/wp-content\/uploads\/2025\/01\/CDP_6963_web-1024x683.jpg 1024w, https:\/\/comedepreville.fr\/wp-content\/uploads\/2025\/01\/CDP_6963_web-300x200.jpg 300w, https:\/\/comedepreville.fr\/wp-content\/uploads\/2025\/01\/CDP_6963_web-768x512.jpg 768w, https:\/\/comedepreville.fr\/wp-content\/uploads\/2025\/01\/CDP_6963_web-1536x1024.jpg 1536w, https:\/\/comedepreville.fr\/wp-content\/uploads\/2025\/01\/CDP_6963_web-2048x1366.jpg 2048w, https:\/\/comedepreville.fr\/wp-content\/uploads\/2025\/01\/CDP_6963_web-18x12.jpg 18w\" sizes=\"(max-width: 800px) 100vw, 800px\" \/>\t\t\t\t\t\t\t\t<\/a>\n\t\t\t\t\t\t\t\t\t\t\t<figcaption class=\"widget-image-caption wp-caption-text\">Enfants pauvres de la r\u00e9gion d'Ararat (Arm\u00e9nie)<\/figcaption>\n\t\t\t\t\t\t\t\t\t\t<\/figure>\n\t\t\t\t\t\t\t\t\t<\/div>\n\t\t\t\t<\/div>\n\t\t\t\t<div class=\"elementor-element elementor-element-5c45608 elementor-widget elementor-widget-text-editor\" data-id=\"5c45608\" data-element_type=\"widget\" data-e-type=\"widget\" data-widget_type=\"text-editor.default\">\n\t\t\t\t<div class=\"elementor-widget-container\">\n\t\t\t\t\t\t\t\t\t<p>Quelques enfants tra\u00eenent sur le bord de la route. La t\u00eate d&rsquo;une fillette \u00e9merge des draps \u00e9tendus dans une entr\u00e9e de maison ; elle me d\u00e9visage avec un grand sourire avant de dispara\u00eetre \u00e0 nouveau. Je p\u00e9n\u00e8tre dans l&rsquo;int\u00e9rieur sombre en embo\u00eetant le pas \u00e0 Miasnik, un v\u00e9t\u00e9ran et humanitaire local, que je suis dans sa tourn\u00e9e de \u00ab\u00a0check-up\u00a0\u00bb des familles pauvres de la r\u00e9gion.<\/p><p>Le soleil joue dans un salon orn\u00e9 de persiennes aux motifs orientaux. Sur le mur, les portraits d&rsquo;un couple \u00e2g\u00e9 nous observent avec bienveillance ; dans la pi\u00e8ce, un simple po\u00eale de fonte fournit un peu de chaleur. Des enfants se pressent sur les fauteuils et canap\u00e9s, curieux de notre pr\u00e9sence, \u00e0 l&rsquo;exception d&rsquo;une petite fille v\u00eatue de rose, tr\u00e8s concentr\u00e9e sur son dessin, pench\u00e9e sur la table basse.<\/p>\t\t\t\t\t\t\t\t<\/div>\n\t\t\t\t<\/div>\n\t\t\t\t<div class=\"elementor-element elementor-element-0449543 elementor-widget elementor-widget-image\" data-id=\"0449543\" data-element_type=\"widget\" data-e-type=\"widget\" data-widget_type=\"image.default\">\n\t\t\t\t<div class=\"elementor-widget-container\">\n\t\t\t\t\t\t\t\t\t\t\t\t<figure class=\"wp-caption\">\n\t\t\t\t\t\t\t\t\t\t\t<a href=\"https:\/\/comedepreville.fr\/wp-content\/uploads\/2025\/01\/CDP_6907_web.jpg\" data-elementor-open-lightbox=\"yes\" data-elementor-lightbox-description=\"La t\u00eate d&#039;une fillette \u00e9merge des draps \u00e9tendus dans une entr\u00e9e de maison ; elle me d\u00e9visage avec un grand sourire avant de dispara\u00eetre \u00e0 nouveau.\" data-e-action-hash=\"#elementor-action%3Aaction%3Dlightbox%26settings%3DeyJpZCI6MzU5MCwidXJsIjoiaHR0cHM6XC9cL2NvbWVkZXByZXZpbGxlLmZyXC93cC1jb250ZW50XC91cGxvYWRzXC8yMDI1XC8wMVwvQ0RQXzY5MDdfd2ViLmpwZyJ9\">\n\t\t\t\t\t\t\t<img decoding=\"async\" width=\"800\" height=\"534\" src=\"https:\/\/comedepreville.fr\/wp-content\/uploads\/2025\/01\/CDP_6907_web-1024x683.jpg\" class=\"attachment-large size-large wp-image-3590\" alt=\"\" srcset=\"https:\/\/comedepreville.fr\/wp-content\/uploads\/2025\/01\/CDP_6907_web-1024x683.jpg 1024w, https:\/\/comedepreville.fr\/wp-content\/uploads\/2025\/01\/CDP_6907_web-300x200.jpg 300w, https:\/\/comedepreville.fr\/wp-content\/uploads\/2025\/01\/CDP_6907_web-768x512.jpg 768w, https:\/\/comedepreville.fr\/wp-content\/uploads\/2025\/01\/CDP_6907_web-1536x1024.jpg 1536w, https:\/\/comedepreville.fr\/wp-content\/uploads\/2025\/01\/CDP_6907_web-2048x1366.jpg 2048w, https:\/\/comedepreville.fr\/wp-content\/uploads\/2025\/01\/CDP_6907_web-18x12.jpg 18w\" sizes=\"(max-width: 800px) 100vw, 800px\" \/>\t\t\t\t\t\t\t\t<\/a>\n\t\t\t\t\t\t\t\t\t\t\t<figcaption class=\"widget-image-caption wp-caption-text\">La t\u00eate d'une fillette \u00e9merge des draps \u00e9tendus dans une entr\u00e9e de maison ; elle me d\u00e9visage avec un grand sourire avant de dispara\u00eetre \u00e0 nouveau.<\/figcaption>\n\t\t\t\t\t\t\t\t\t\t<\/figure>\n\t\t\t\t\t\t\t\t\t<\/div>\n\t\t\t\t<\/div>\n\t\t\t\t<div class=\"elementor-element elementor-element-07e81fb elementor-widget elementor-widget-text-editor\" data-id=\"07e81fb\" data-element_type=\"widget\" data-e-type=\"widget\" data-widget_type=\"text-editor.default\">\n\t\t\t\t<div class=\"elementor-widget-container\">\n\t\t\t\t\t\t\t\t\t<p>Miasnik discute, interroge, et griffonne en marmonnant sur son carnet. Les deux femmes dans la pi\u00e8ce, la m\u00e8re et une voisine, r\u00e9pondent au fil de l\u2019eau. Les \u00e9changes semblent parfois tendus, mais c\u2019est une illusion fr\u00e9quente pour les Occidentaux, tant la langue arm\u00e9nienne est vivante et expressive.<\/p><p>Je tends mon appareil \u00e0 l\u2019une des deux fillettes, qui ne le l\u00e2chait pas des yeux depuis le d\u00e9but des \u00e9changes. <em>\u201cAri ester \u2026 nekari, ayo duk ! Nekari \u2026\u201d (Viens ici, shoote, oui toi, shoote)<\/em> Elle se saisit du bo\u00eetier, appuie et \u00e9clate de rire devant l\u2019\u00e9norme rafale qui se d\u00e9clenche. J\u2019aurai d\u00fb penser \u00e0 d\u00e9sactiver ce mode haute-fr\u00e9quence, j\u2019imagine ma carte SD fondre dans son logement sous l\u2019impulsion des octets d\u2019\u00e9criture qu\u2019elle est en train de subir. Le voyant de processing est toujours allum\u00e9, et je tends d\u00e9j\u00e0 le bo\u00eetier \u00e0 la deuxi\u00e8me \u2026 et rebelote. La rafale haute fr\u00e9quence se d\u00e9clenche \u00e0 nouveau, je pousse un l\u00e9ger juron tout en souriant aux fillettes. Si ma carte SD est encore exploitable apr\u00e8s \u00e7a, c\u2019est un miracle.<\/p>\t\t\t\t\t\t\t\t<\/div>\n\t\t\t\t<\/div>\n\t\t\t\t<div class=\"elementor-element elementor-element-c5f0cb9 elementor-widget elementor-widget-image\" data-id=\"c5f0cb9\" data-element_type=\"widget\" data-e-type=\"widget\" data-widget_type=\"image.default\">\n\t\t\t\t<div class=\"elementor-widget-container\">\n\t\t\t\t\t\t\t\t\t\t\t\t<figure class=\"wp-caption\">\n\t\t\t\t\t\t\t\t\t\t\t<a href=\"https:\/\/comedepreville.fr\/wp-content\/uploads\/2025\/01\/CDP_6942_web.jpg\" data-elementor-open-lightbox=\"yes\" data-elementor-lightbox-description=\"Miasnik discute, interroge, et griffonne en marmonnant sur son carnet.\" data-e-action-hash=\"#elementor-action%3Aaction%3Dlightbox%26settings%3DeyJpZCI6MzU5NCwidXJsIjoiaHR0cHM6XC9cL2NvbWVkZXByZXZpbGxlLmZyXC93cC1jb250ZW50XC91cGxvYWRzXC8yMDI1XC8wMVwvQ0RQXzY5NDJfd2ViLmpwZyJ9\">\n\t\t\t\t\t\t\t<img loading=\"lazy\" decoding=\"async\" width=\"800\" height=\"534\" src=\"https:\/\/comedepreville.fr\/wp-content\/uploads\/2025\/01\/CDP_6942_web-1024x683.jpg\" class=\"attachment-large size-large wp-image-3594\" alt=\"\" srcset=\"https:\/\/comedepreville.fr\/wp-content\/uploads\/2025\/01\/CDP_6942_web-1024x683.jpg 1024w, https:\/\/comedepreville.fr\/wp-content\/uploads\/2025\/01\/CDP_6942_web-300x200.jpg 300w, https:\/\/comedepreville.fr\/wp-content\/uploads\/2025\/01\/CDP_6942_web-768x512.jpg 768w, https:\/\/comedepreville.fr\/wp-content\/uploads\/2025\/01\/CDP_6942_web-1536x1024.jpg 1536w, https:\/\/comedepreville.fr\/wp-content\/uploads\/2025\/01\/CDP_6942_web-2048x1366.jpg 2048w, https:\/\/comedepreville.fr\/wp-content\/uploads\/2025\/01\/CDP_6942_web-18x12.jpg 18w\" sizes=\"(max-width: 800px) 100vw, 800px\" \/>\t\t\t\t\t\t\t\t<\/a>\n\t\t\t\t\t\t\t\t\t\t\t<figcaption class=\"widget-image-caption wp-caption-text\">Miasnik discute, interroge, et griffonne en marmonnant sur son carnet.<\/figcaption>\n\t\t\t\t\t\t\t\t\t\t<\/figure>\n\t\t\t\t\t\t\t\t\t<\/div>\n\t\t\t\t<\/div>\n\t\t<div class=\"elementor-element elementor-element-4256233 e-con-full e-flex e-con e-child\" data-id=\"4256233\" data-element_type=\"container\" data-e-type=\"container\">\n\t\t\t\t<div class=\"elementor-element elementor-element-ff4a6ff elementor-widget elementor-widget-image\" data-id=\"ff4a6ff\" data-element_type=\"widget\" data-e-type=\"widget\" data-widget_type=\"image.default\">\n\t\t\t\t<div class=\"elementor-widget-container\">\n\t\t\t\t\t\t\t\t\t\t\t\t<figure class=\"wp-caption\">\n\t\t\t\t\t\t\t\t\t\t\t<a href=\"https:\/\/comedepreville.fr\/wp-content\/uploads\/2025\/01\/CDP_6920_web.jpg\" data-elementor-open-lightbox=\"yes\" data-elementor-lightbox-description=\"Sur le mur, les portraits d&#039;un couple \u00e2g\u00e9 nous observent avec bienveillance ; dans la pi\u00e8ce, un simple po\u00eale de fonte fournit un peu de chaleur.\" data-e-action-hash=\"#elementor-action%3Aaction%3Dlightbox%26settings%3DeyJpZCI6MzU5MiwidXJsIjoiaHR0cHM6XC9cL2NvbWVkZXByZXZpbGxlLmZyXC93cC1jb250ZW50XC91cGxvYWRzXC8yMDI1XC8wMVwvQ0RQXzY5MjBfd2ViLmpwZyJ9\">\n\t\t\t\t\t\t\t<img loading=\"lazy\" decoding=\"async\" width=\"683\" height=\"1024\" src=\"https:\/\/comedepreville.fr\/wp-content\/uploads\/2025\/01\/CDP_6920_web-683x1024.jpg\" class=\"attachment-large size-large wp-image-3592\" alt=\"\" srcset=\"https:\/\/comedepreville.fr\/wp-content\/uploads\/2025\/01\/CDP_6920_web-683x1024.jpg 683w, https:\/\/comedepreville.fr\/wp-content\/uploads\/2025\/01\/CDP_6920_web-200x300.jpg 200w, https:\/\/comedepreville.fr\/wp-content\/uploads\/2025\/01\/CDP_6920_web-768x1152.jpg 768w, https:\/\/comedepreville.fr\/wp-content\/uploads\/2025\/01\/CDP_6920_web-1024x1536.jpg 1024w, https:\/\/comedepreville.fr\/wp-content\/uploads\/2025\/01\/CDP_6920_web-1366x2048.jpg 1366w, https:\/\/comedepreville.fr\/wp-content\/uploads\/2025\/01\/CDP_6920_web-8x12.jpg 8w, https:\/\/comedepreville.fr\/wp-content\/uploads\/2025\/01\/CDP_6920_web.jpg 1667w\" sizes=\"(max-width: 683px) 100vw, 683px\" \/>\t\t\t\t\t\t\t\t<\/a>\n\t\t\t\t\t\t\t\t\t\t\t<figcaption class=\"widget-image-caption wp-caption-text\">Sur le mur, les portraits d'un couple \u00e2g\u00e9 nous observent avec bienveillance ; dans la pi\u00e8ce, un simple po\u00eale de fonte fournit un peu de chaleur.<\/figcaption>\n\t\t\t\t\t\t\t\t\t\t<\/figure>\n\t\t\t\t\t\t\t\t\t<\/div>\n\t\t\t\t<\/div>\n\t\t\t\t<div class=\"elementor-element elementor-element-3df9b10 elementor-widget elementor-widget-image\" data-id=\"3df9b10\" data-element_type=\"widget\" data-e-type=\"widget\" data-widget_type=\"image.default\">\n\t\t\t\t<div class=\"elementor-widget-container\">\n\t\t\t\t\t\t\t\t\t\t\t\t<figure class=\"wp-caption\">\n\t\t\t\t\t\t\t\t\t\t\t<a href=\"https:\/\/comedepreville.fr\/wp-content\/uploads\/2025\/01\/CDP_6938_web.jpg\" data-elementor-open-lightbox=\"yes\" data-elementor-lightbox-description=\"Les deux femmes dans la pi\u00e8ce, la m\u00e8re et une voisine, r\u00e9pondent au fil de l\u2019eau.\" data-e-action-hash=\"#elementor-action%3Aaction%3Dlightbox%26settings%3DeyJpZCI6MzU5MywidXJsIjoiaHR0cHM6XC9cL2NvbWVkZXByZXZpbGxlLmZyXC93cC1jb250ZW50XC91cGxvYWRzXC8yMDI1XC8wMVwvQ0RQXzY5Mzhfd2ViLmpwZyJ9\">\n\t\t\t\t\t\t\t<img loading=\"lazy\" decoding=\"async\" width=\"683\" height=\"1024\" src=\"https:\/\/comedepreville.fr\/wp-content\/uploads\/2025\/01\/CDP_6938_web-683x1024.jpg\" class=\"attachment-large size-large wp-image-3593\" alt=\"\" srcset=\"https:\/\/comedepreville.fr\/wp-content\/uploads\/2025\/01\/CDP_6938_web-683x1024.jpg 683w, https:\/\/comedepreville.fr\/wp-content\/uploads\/2025\/01\/CDP_6938_web-200x300.jpg 200w, https:\/\/comedepreville.fr\/wp-content\/uploads\/2025\/01\/CDP_6938_web-768x1152.jpg 768w, https:\/\/comedepreville.fr\/wp-content\/uploads\/2025\/01\/CDP_6938_web-1024x1536.jpg 1024w, https:\/\/comedepreville.fr\/wp-content\/uploads\/2025\/01\/CDP_6938_web-1366x2048.jpg 1366w, https:\/\/comedepreville.fr\/wp-content\/uploads\/2025\/01\/CDP_6938_web-8x12.jpg 8w, https:\/\/comedepreville.fr\/wp-content\/uploads\/2025\/01\/CDP_6938_web.jpg 1667w\" sizes=\"(max-width: 683px) 100vw, 683px\" \/>\t\t\t\t\t\t\t\t<\/a>\n\t\t\t\t\t\t\t\t\t\t\t<figcaption class=\"widget-image-caption wp-caption-text\">Yeraskh, Arm\u00e9nie | \u00a9 C\u00f4me de Pr\u00e9ville<\/figcaption>\n\t\t\t\t\t\t\t\t\t\t<\/figure>\n\t\t\t\t\t\t\t\t\t<\/div>\n\t\t\t\t<\/div>\n\t\t\t\t<\/div>\n\t\t\t\t<div class=\"elementor-element elementor-element-7589064 elementor-widget elementor-widget-text-editor\" data-id=\"7589064\" data-element_type=\"widget\" data-e-type=\"widget\" data-widget_type=\"text-editor.default\">\n\t\t\t\t<div class=\"elementor-widget-container\">\n\t\t\t\t\t\t\t\t\t<p>Nous reprenons le sentier d\u00e9fonc\u00e9 de Yeraskh pour visiter une deuxi\u00e8me maison. Une grand-m\u00e8re nous accueille et appelle un gamin qui d\u00e9barque aussit\u00f4t. Il semble curieux \u00e0 son tour du D500 massif pendant \u00e0 mon cou, mais n\u2019ose pas approcher quand je lui propose de l\u2019essayer et reste distant.<\/p><p>O\u00f9 sont ses parents ? En a-t-il encore ? Je ne sais pas. Il me semble avoir ce regard profond et d\u00e9j\u00e0 adulte des enfants qui en ont trop vu, trop t\u00f4t ; une esp\u00e8ce de profondeur anormale et calme au fond des yeux, du haut de ses 12 ou 13 ans.<\/p>\t\t\t\t\t\t\t\t<\/div>\n\t\t\t\t<\/div>\n\t\t\t\t<div class=\"elementor-element elementor-element-64fcf2b elementor-widget elementor-widget-image\" data-id=\"64fcf2b\" data-element_type=\"widget\" data-e-type=\"widget\" data-widget_type=\"image.default\">\n\t\t\t\t<div class=\"elementor-widget-container\">\n\t\t\t\t\t\t\t\t\t\t\t\t<figure class=\"wp-caption\">\n\t\t\t\t\t\t\t\t\t\t\t<a href=\"https:\/\/comedepreville.fr\/wp-content\/uploads\/2025\/01\/CDP_6986_web.jpg\" data-elementor-open-lightbox=\"yes\" data-elementor-lightbox-description=\"Il me semble avoir ce regard profond et d\u00e9j\u00e0 adulte des enfants qui en ont trop vu, trop t\u00f4t ; une esp\u00e8ce de profondeur anormale et calme au fond des yeux, du haut de ses 12 ou 13 ans.\" data-e-action-hash=\"#elementor-action%3Aaction%3Dlightbox%26settings%3DeyJpZCI6MzYwMSwidXJsIjoiaHR0cHM6XC9cL2NvbWVkZXByZXZpbGxlLmZyXC93cC1jb250ZW50XC91cGxvYWRzXC8yMDI1XC8wMVwvQ0RQXzY5ODZfd2ViLmpwZyJ9\">\n\t\t\t\t\t\t\t<img loading=\"lazy\" decoding=\"async\" width=\"683\" height=\"1024\" src=\"https:\/\/comedepreville.fr\/wp-content\/uploads\/2025\/01\/CDP_6986_web-683x1024.jpg\" class=\"attachment-large size-large wp-image-3601\" alt=\"\" srcset=\"https:\/\/comedepreville.fr\/wp-content\/uploads\/2025\/01\/CDP_6986_web-683x1024.jpg 683w, https:\/\/comedepreville.fr\/wp-content\/uploads\/2025\/01\/CDP_6986_web-200x300.jpg 200w, https:\/\/comedepreville.fr\/wp-content\/uploads\/2025\/01\/CDP_6986_web-768x1152.jpg 768w, https:\/\/comedepreville.fr\/wp-content\/uploads\/2025\/01\/CDP_6986_web-1024x1536.jpg 1024w, https:\/\/comedepreville.fr\/wp-content\/uploads\/2025\/01\/CDP_6986_web-1366x2048.jpg 1366w, https:\/\/comedepreville.fr\/wp-content\/uploads\/2025\/01\/CDP_6986_web-8x12.jpg 8w, https:\/\/comedepreville.fr\/wp-content\/uploads\/2025\/01\/CDP_6986_web.jpg 1667w\" sizes=\"(max-width: 683px) 100vw, 683px\" \/>\t\t\t\t\t\t\t\t<\/a>\n\t\t\t\t\t\t\t\t\t\t\t<figcaption class=\"widget-image-caption wp-caption-text\">Il me semble avoir ce regard profond et d\u00e9j\u00e0 adulte des enfants qui en ont trop vu, trop t\u00f4t ; une esp\u00e8ce de profondeur anormale et calme au fond des yeux, du haut de ses 12 ou 13 ans.<\/figcaption>\n\t\t\t\t\t\t\t\t\t\t<\/figure>\n\t\t\t\t\t\t\t\t\t<\/div>\n\t\t\t\t<\/div>\n\t\t\t\t<div class=\"elementor-element elementor-element-23299f8 elementor-widget elementor-widget-text-editor\" data-id=\"23299f8\" data-element_type=\"widget\" data-e-type=\"widget\" data-widget_type=\"text-editor.default\">\n\t\t\t\t<div class=\"elementor-widget-container\">\n\t\t\t\t\t\t\t\t\t<p>Sa grand-m\u00e8re discute avec Miasnik, avant de plonger dans une deuxi\u00e8me pi\u00e8ce. Je la suis et suis saisi du contraste entre ma pauvret\u00e9 du lieu (les murs crasseux, le sol d\u00e9salign\u00e9, le lit-banquette comme unique mobilier) et la t\u00e9l\u00e9vision d\u00e9bitant son programme de t\u00e9l\u00e9-r\u00e9alit\u00e9 arm\u00e9nien. Elle est aliment\u00e9e par trois ou quatre fils qui pendent depuis une ouverture dans le toit.<\/p><p>C\u2019est toujours pareil, et pourtant c\u2019est toujours frappant : quelles que soient les maisons o\u00f9 nous allons passer, et quel que soit le niveau de pauvret\u00e9, il y a au moins un ou plusieurs smartphones, et souvent une t\u00e9l\u00e9vision. Avec de d\u00e9calage terrible entre la pauvret\u00e9 r\u00e9elle des lieux et l\u2019Eldorado de luxe et de kitsch qui d\u00e9file sur les \u00e9crans. C\u2019est l\u2019opium du pauvre, en v\u00e9rit\u00e9 ; et sans doute l\u2019opium du monde entier. J\u2019ai beau \u00eatre \u00e0 3\u202f473 kilom\u00e8tres de Paris, j\u2019ai beau \u00eatre dans un pays entre deux guerres, j\u2019ai beau \u00eatre au c\u0153ur de la pauvret\u00e9 m\u00eame, je retrouve ce trait d\u2019union ind\u00e9passable entre toutes les cultures et les r\u00e9gions : internet.<\/p>\t\t\t\t\t\t\t\t<\/div>\n\t\t\t\t<\/div>\n\t\t\t\t<div class=\"elementor-element elementor-element-6e16b34 elementor-widget elementor-widget-image\" data-id=\"6e16b34\" data-element_type=\"widget\" data-e-type=\"widget\" data-widget_type=\"image.default\">\n\t\t\t\t<div class=\"elementor-widget-container\">\n\t\t\t\t\t\t\t\t\t\t\t\t<figure class=\"wp-caption\">\n\t\t\t\t\t\t\t\t\t\t\t<a href=\"https:\/\/comedepreville.fr\/wp-content\/uploads\/2025\/01\/CDP_6978_web.jpg\" data-elementor-open-lightbox=\"yes\" data-elementor-lightbox-description=\"Je suis saisi du contraste entre ma pauvret\u00e9 du lieu (les murs crasseux, le sol d\u00e9salign\u00e9, le lit-banquette comme unique mobilier) et la t\u00e9l\u00e9vision d\u00e9bitant son programme de t\u00e9l\u00e9-r\u00e9alit\u00e9 arm\u00e9nien\" data-e-action-hash=\"#elementor-action%3Aaction%3Dlightbox%26settings%3DeyJpZCI6MzYwMCwidXJsIjoiaHR0cHM6XC9cL2NvbWVkZXByZXZpbGxlLmZyXC93cC1jb250ZW50XC91cGxvYWRzXC8yMDI1XC8wMVwvQ0RQXzY5Nzhfd2ViLmpwZyJ9\">\n\t\t\t\t\t\t\t<img loading=\"lazy\" decoding=\"async\" width=\"800\" height=\"534\" src=\"https:\/\/comedepreville.fr\/wp-content\/uploads\/2025\/01\/CDP_6978_web-1024x683.jpg\" class=\"attachment-large size-large wp-image-3600\" alt=\"\" srcset=\"https:\/\/comedepreville.fr\/wp-content\/uploads\/2025\/01\/CDP_6978_web-1024x683.jpg 1024w, https:\/\/comedepreville.fr\/wp-content\/uploads\/2025\/01\/CDP_6978_web-300x200.jpg 300w, https:\/\/comedepreville.fr\/wp-content\/uploads\/2025\/01\/CDP_6978_web-768x512.jpg 768w, https:\/\/comedepreville.fr\/wp-content\/uploads\/2025\/01\/CDP_6978_web-1536x1024.jpg 1536w, https:\/\/comedepreville.fr\/wp-content\/uploads\/2025\/01\/CDP_6978_web-2048x1366.jpg 2048w, https:\/\/comedepreville.fr\/wp-content\/uploads\/2025\/01\/CDP_6978_web-18x12.jpg 18w\" sizes=\"(max-width: 800px) 100vw, 800px\" \/>\t\t\t\t\t\t\t\t<\/a>\n\t\t\t\t\t\t\t\t\t\t\t<figcaption class=\"widget-image-caption wp-caption-text\">Je suis saisi du contraste entre ma pauvret\u00e9 du lieu (les murs crasseux, le sol d\u00e9salign\u00e9, le lit-banquette comme unique mobilier) et la t\u00e9l\u00e9vision d\u00e9bitant son programme de t\u00e9l\u00e9-r\u00e9alit\u00e9 arm\u00e9nien<\/figcaption>\n\t\t\t\t\t\t\t\t\t\t<\/figure>\n\t\t\t\t\t\t\t\t\t<\/div>\n\t\t\t\t<\/div>\n\t\t\t\t<div class=\"elementor-element elementor-element-b2903a4 elementor-widget elementor-widget-image\" data-id=\"b2903a4\" data-element_type=\"widget\" data-e-type=\"widget\" data-widget_type=\"image.default\">\n\t\t\t\t<div class=\"elementor-widget-container\">\n\t\t\t\t\t\t\t\t\t\t\t\t<figure class=\"wp-caption\">\n\t\t\t\t\t\t\t\t\t\t\t<a href=\"https:\/\/comedepreville.fr\/wp-content\/uploads\/2025\/01\/CDP_6970_web.jpg\" data-elementor-open-lightbox=\"yes\" data-e-action-hash=\"#elementor-action%3Aaction%3Dlightbox%26settings%3DeyJpZCI6MzU5OSwidXJsIjoiaHR0cHM6XC9cL2NvbWVkZXByZXZpbGxlLmZyXC93cC1jb250ZW50XC91cGxvYWRzXC8yMDI1XC8wMVwvQ0RQXzY5NzBfd2ViLmpwZyJ9\">\n\t\t\t\t\t\t\t<img loading=\"lazy\" decoding=\"async\" width=\"800\" height=\"534\" src=\"https:\/\/comedepreville.fr\/wp-content\/uploads\/2025\/01\/CDP_6970_web-1024x683.jpg\" class=\"attachment-large size-large wp-image-3599\" alt=\"\" srcset=\"https:\/\/comedepreville.fr\/wp-content\/uploads\/2025\/01\/CDP_6970_web-1024x683.jpg 1024w, https:\/\/comedepreville.fr\/wp-content\/uploads\/2025\/01\/CDP_6970_web-300x200.jpg 300w, https:\/\/comedepreville.fr\/wp-content\/uploads\/2025\/01\/CDP_6970_web-768x512.jpg 768w, https:\/\/comedepreville.fr\/wp-content\/uploads\/2025\/01\/CDP_6970_web-1536x1024.jpg 1536w, https:\/\/comedepreville.fr\/wp-content\/uploads\/2025\/01\/CDP_6970_web-2048x1366.jpg 2048w, https:\/\/comedepreville.fr\/wp-content\/uploads\/2025\/01\/CDP_6970_web-18x12.jpg 18w\" sizes=\"(max-width: 800px) 100vw, 800px\" \/>\t\t\t\t\t\t\t\t<\/a>\n\t\t\t\t\t\t\t\t\t\t\t<figcaption class=\"widget-image-caption wp-caption-text\">Yeraskh, Arm\u00e9nie | \u00a9 C\u00f4me de Pr\u00e9ville<\/figcaption>\n\t\t\t\t\t\t\t\t\t\t<\/figure>\n\t\t\t\t\t\t\t\t\t<\/div>\n\t\t\t\t<\/div>\n\t\t\t\t<div class=\"elementor-element elementor-element-0c7b509 elementor-widget-divider--view-line elementor-widget elementor-widget-global elementor-global-4754 elementor-widget-divider\" data-id=\"0c7b509\" data-element_type=\"widget\" data-e-type=\"widget\" data-widget_type=\"divider.default\">\n\t\t\t\t<div class=\"elementor-widget-container\">\n\t\t\t\t\t\t\t<div class=\"elementor-divider\">\n\t\t\t<span class=\"elementor-divider-separator\">\n\t\t\t\t\t\t<\/span>\n\t\t<\/div>\n\t\t\t\t\t\t<\/div>\n\t\t\t\t<\/div>\n\t\t\t\t<div class=\"elementor-element elementor-element-a2939be elementor-widget elementor-widget-heading\" data-id=\"a2939be\" data-element_type=\"widget\" data-e-type=\"widget\" data-widget_type=\"heading.default\">\n\t\t\t\t<div class=\"elementor-widget-container\">\n\t\t\t\t\t<h2 class=\"elementor-heading-title elementor-size-default\">Surenavan<\/h2>\t\t\t\t<\/div>\n\t\t\t\t<\/div>\n\t\t\t\t<div class=\"elementor-element elementor-element-98aba91 elementor-widget elementor-widget-text-editor\" data-id=\"98aba91\" data-element_type=\"widget\" data-e-type=\"widget\" data-widget_type=\"text-editor.default\">\n\t\t\t\t<div class=\"elementor-widget-container\">\n\t\t\t\t\t\t\t\t\t<p>Nous sommes maintenant quelques kilom\u00e8tres au nord, dans le petit village de Surenavan. Le soleil est en train de se coucher sur l\u2019imposant mont Ararat, qui culmine \u00e0 plus de 5 000 m\u00e8tres de haut. Symbole de l\u2019Arm\u00e9nie, il appartient \u00e0 la Turquie depuis le trait\u00e9 de Kars, sign\u00e9 en 1921 sous la pression sovi\u00e9tique. J\u2019essaye de m\u2019imaginer ce que \u00e7a doit \u00eatre pour ces Arm\u00e9niens frontaliers que de se lever tous les jours en voyant leur symbole national en territoire hostile, comme une humiliation suppl\u00e9mentaire.<\/p>\t\t\t\t\t\t\t\t<\/div>\n\t\t\t\t<\/div>\n\t\t\t\t<div class=\"elementor-element elementor-element-2f2c23c elementor-widget elementor-widget-image\" data-id=\"2f2c23c\" data-element_type=\"widget\" data-e-type=\"widget\" data-widget_type=\"image.default\">\n\t\t\t\t<div class=\"elementor-widget-container\">\n\t\t\t\t\t\t\t\t\t\t\t\t<figure class=\"wp-caption\">\n\t\t\t\t\t\t\t\t\t\t\t<a href=\"https:\/\/comedepreville.fr\/wp-content\/uploads\/2025\/01\/CDP_7079_web.jpg\" data-elementor-open-lightbox=\"yes\" data-elementor-lightbox-description=\"Symbole de l\u2019Arm\u00e9nie, le mont Ararat appartient \u00e0 la Turquie depuis le trait\u00e9 de Kars, sign\u00e9 en 1921.\" data-e-action-hash=\"#elementor-action%3Aaction%3Dlightbox%26settings%3DeyJpZCI6MzYwOCwidXJsIjoiaHR0cHM6XC9cL2NvbWVkZXByZXZpbGxlLmZyXC93cC1jb250ZW50XC91cGxvYWRzXC8yMDI1XC8wMVwvQ0RQXzcwNzlfd2ViLmpwZyJ9\">\n\t\t\t\t\t\t\t<img loading=\"lazy\" decoding=\"async\" width=\"800\" height=\"534\" src=\"https:\/\/comedepreville.fr\/wp-content\/uploads\/2025\/01\/CDP_7079_web-1024x683.jpg\" class=\"attachment-large size-large wp-image-3608\" alt=\"\" srcset=\"https:\/\/comedepreville.fr\/wp-content\/uploads\/2025\/01\/CDP_7079_web-1024x683.jpg 1024w, https:\/\/comedepreville.fr\/wp-content\/uploads\/2025\/01\/CDP_7079_web-300x200.jpg 300w, https:\/\/comedepreville.fr\/wp-content\/uploads\/2025\/01\/CDP_7079_web-768x512.jpg 768w, https:\/\/comedepreville.fr\/wp-content\/uploads\/2025\/01\/CDP_7079_web-1536x1024.jpg 1536w, https:\/\/comedepreville.fr\/wp-content\/uploads\/2025\/01\/CDP_7079_web-2048x1366.jpg 2048w, https:\/\/comedepreville.fr\/wp-content\/uploads\/2025\/01\/CDP_7079_web-18x12.jpg 18w\" sizes=\"(max-width: 800px) 100vw, 800px\" \/>\t\t\t\t\t\t\t\t<\/a>\n\t\t\t\t\t\t\t\t\t\t\t<figcaption class=\"widget-image-caption wp-caption-text\">Symbole de l\u2019Arm\u00e9nie, le mont Ararat appartient \u00e0 la Turquie depuis le trait\u00e9 de Kars, sign\u00e9 en 1921.<\/figcaption>\n\t\t\t\t\t\t\t\t\t\t<\/figure>\n\t\t\t\t\t\t\t\t\t<\/div>\n\t\t\t\t<\/div>\n\t\t\t\t<div class=\"elementor-element elementor-element-ab9529f elementor-widget elementor-widget-text-editor\" data-id=\"ab9529f\" data-element_type=\"widget\" data-e-type=\"widget\" data-widget_type=\"text-editor.default\">\n\t\t\t\t<div class=\"elementor-widget-container\">\n\t\t\t\t\t\t\t\t\t<p>Nous nous garons dans une all\u00e9e de terre battue. Dans une embrasure mal align\u00e9e, deux gamins surgissent. Le premier est affect\u00e9 d\u2019un strabisme imposant et pr\u00e9sente un visage sale. Il nous sourit franchement, dissimulant son petit fr\u00e8re qui court aussit\u00f4t se cacher dans les bras de sa m\u00e8re.<\/p><p>Elle, on lui donnerait 16 ans \u00e0 peine. Je ne peux m\u2019emp\u00eacher de l\u2019appeler en moi-m\u00eame \u201cLa madone\u201d ou \u201cLa Vierge\u201d, lorsqu\u2019elle se tient sur le canap\u00e9 avec son petit dans les bras, \u00e9clair\u00e9e par un rayon de soleil couchant qui perce le mur.<\/p><p>Un grand-p\u00e8re tr\u00f4ne, avachi, pr\u00e8s du po\u00eale de ferraille ; il a l\u2019air tranquille mais vide, casquette viss\u00e9e sur la t\u00eate. Son visage semble porter toute la souffrance d\u2019un peuple : le d\u00e9sespoir, aliment\u00e9 par un si\u00e8cle de malheurs ; l\u2019impression d\u2019\u00eatre un peuple victime ; l\u2019absence d\u2019espoir ; l\u2019absence d\u2019initiative aussi, et de mentalit\u00e9 entrepreneuse, cons\u00e9quence d\u2019un si\u00e8cle de sovi\u00e9tisme. Au d\u00e9tour d\u2019une phrase, il l\u00e2che un sourire p\u00e2le, qui ne parvient pas \u00e0 communiquer une vraie joie.<\/p>\t\t\t\t\t\t\t\t<\/div>\n\t\t\t\t<\/div>\n\t\t\t\t<div class=\"elementor-element elementor-element-4ef54ef elementor-widget elementor-widget-image\" data-id=\"4ef54ef\" data-element_type=\"widget\" data-e-type=\"widget\" data-widget_type=\"image.default\">\n\t\t\t\t<div class=\"elementor-widget-container\">\n\t\t\t\t\t\t\t\t\t\t\t\t<figure class=\"wp-caption\">\n\t\t\t\t\t\t\t\t\t\t\t<a href=\"https:\/\/comedepreville.fr\/wp-content\/uploads\/2025\/01\/CDP_7125_web.jpg\" data-elementor-open-lightbox=\"yes\" data-elementor-lightbox-description=\"Le premier est affect\u00e9 d\u2019un strabisme imposant et pr\u00e9sente un visage sale.\" data-e-action-hash=\"#elementor-action%3Aaction%3Dlightbox%26settings%3DeyJpZCI6MzYxMywidXJsIjoiaHR0cHM6XC9cL2NvbWVkZXByZXZpbGxlLmZyXC93cC1jb250ZW50XC91cGxvYWRzXC8yMDI1XC8wMVwvQ0RQXzcxMjVfd2ViLmpwZyJ9\">\n\t\t\t\t\t\t\t<img loading=\"lazy\" decoding=\"async\" width=\"800\" height=\"534\" src=\"https:\/\/comedepreville.fr\/wp-content\/uploads\/2025\/01\/CDP_7125_web-1024x683.jpg\" class=\"attachment-large size-large wp-image-3613\" alt=\"\" srcset=\"https:\/\/comedepreville.fr\/wp-content\/uploads\/2025\/01\/CDP_7125_web-1024x683.jpg 1024w, https:\/\/comedepreville.fr\/wp-content\/uploads\/2025\/01\/CDP_7125_web-300x200.jpg 300w, https:\/\/comedepreville.fr\/wp-content\/uploads\/2025\/01\/CDP_7125_web-768x512.jpg 768w, https:\/\/comedepreville.fr\/wp-content\/uploads\/2025\/01\/CDP_7125_web-1536x1024.jpg 1536w, https:\/\/comedepreville.fr\/wp-content\/uploads\/2025\/01\/CDP_7125_web-2048x1366.jpg 2048w, https:\/\/comedepreville.fr\/wp-content\/uploads\/2025\/01\/CDP_7125_web-18x12.jpg 18w\" sizes=\"(max-width: 800px) 100vw, 800px\" \/>\t\t\t\t\t\t\t\t<\/a>\n\t\t\t\t\t\t\t\t\t\t\t<figcaption class=\"widget-image-caption wp-caption-text\">Le premier est affect\u00e9 d\u2019un strabisme imposant et pr\u00e9sente un visage sale.<\/figcaption>\n\t\t\t\t\t\t\t\t\t\t<\/figure>\n\t\t\t\t\t\t\t\t\t<\/div>\n\t\t\t\t<\/div>\n\t\t<div class=\"elementor-element elementor-element-22b5184 e-con-full e-flex e-con e-child\" data-id=\"22b5184\" data-element_type=\"container\" data-e-type=\"container\">\n\t\t\t\t<div class=\"elementor-element elementor-element-ce91167 elementor-widget elementor-widget-image\" data-id=\"ce91167\" data-element_type=\"widget\" data-e-type=\"widget\" data-widget_type=\"image.default\">\n\t\t\t\t<div class=\"elementor-widget-container\">\n\t\t\t\t\t\t\t\t\t\t\t\t<figure class=\"wp-caption\">\n\t\t\t\t\t\t\t\t\t\t\t<a href=\"https:\/\/comedepreville.fr\/wp-content\/uploads\/2025\/01\/CDP_7157_web.jpg\" data-elementor-open-lightbox=\"yes\" data-elementor-lightbox-description=\"Je ne peux m\u2019emp\u00eacher de l\u2019appeler en moi-m\u00eame \u201cLa madone\u201d ou \u201cLa Vierge\u201d [...]\" data-e-action-hash=\"#elementor-action%3Aaction%3Dlightbox%26settings%3DeyJpZCI6MzYxOCwidXJsIjoiaHR0cHM6XC9cL2NvbWVkZXByZXZpbGxlLmZyXC93cC1jb250ZW50XC91cGxvYWRzXC8yMDI1XC8wMVwvQ0RQXzcxNTdfd2ViLmpwZyJ9\">\n\t\t\t\t\t\t\t<img loading=\"lazy\" decoding=\"async\" width=\"683\" height=\"1024\" src=\"https:\/\/comedepreville.fr\/wp-content\/uploads\/2025\/01\/CDP_7157_web-683x1024.jpg\" class=\"attachment-large size-large wp-image-3618\" alt=\"\" srcset=\"https:\/\/comedepreville.fr\/wp-content\/uploads\/2025\/01\/CDP_7157_web-683x1024.jpg 683w, https:\/\/comedepreville.fr\/wp-content\/uploads\/2025\/01\/CDP_7157_web-200x300.jpg 200w, https:\/\/comedepreville.fr\/wp-content\/uploads\/2025\/01\/CDP_7157_web-768x1152.jpg 768w, https:\/\/comedepreville.fr\/wp-content\/uploads\/2025\/01\/CDP_7157_web-1024x1536.jpg 1024w, https:\/\/comedepreville.fr\/wp-content\/uploads\/2025\/01\/CDP_7157_web-1366x2048.jpg 1366w, https:\/\/comedepreville.fr\/wp-content\/uploads\/2025\/01\/CDP_7157_web-8x12.jpg 8w, https:\/\/comedepreville.fr\/wp-content\/uploads\/2025\/01\/CDP_7157_web.jpg 1667w\" sizes=\"(max-width: 683px) 100vw, 683px\" \/>\t\t\t\t\t\t\t\t<\/a>\n\t\t\t\t\t\t\t\t\t\t\t<figcaption class=\"widget-image-caption wp-caption-text\">Je ne peux m\u2019emp\u00eacher de l\u2019appeler en moi-m\u00eame \u201cLa madone\u201d ou \u201cLa Vierge\u201d [...]<\/figcaption>\n\t\t\t\t\t\t\t\t\t\t<\/figure>\n\t\t\t\t\t\t\t\t\t<\/div>\n\t\t\t\t<\/div>\n\t\t\t\t<div class=\"elementor-element elementor-element-76d2573 elementor-widget elementor-widget-image\" data-id=\"76d2573\" data-element_type=\"widget\" data-e-type=\"widget\" data-widget_type=\"image.default\">\n\t\t\t\t<div class=\"elementor-widget-container\">\n\t\t\t\t\t\t\t\t\t\t\t\t<figure class=\"wp-caption\">\n\t\t\t\t\t\t\t\t\t\t\t<a href=\"https:\/\/comedepreville.fr\/wp-content\/uploads\/2025\/01\/CDP_7156_web.jpg\" data-elementor-open-lightbox=\"yes\" data-elementor-lightbox-description=\"Un grand-p\u00e8re tr\u00f4ne, avachi, pr\u00e8s du po\u00eale de ferraille ; il a l\u2019air tranquille mais vide, [...] son visage semble porter toute la souffrance d\u2019un peuple.\" data-e-action-hash=\"#elementor-action%3Aaction%3Dlightbox%26settings%3DeyJpZCI6MzYxNywidXJsIjoiaHR0cHM6XC9cL2NvbWVkZXByZXZpbGxlLmZyXC93cC1jb250ZW50XC91cGxvYWRzXC8yMDI1XC8wMVwvQ0RQXzcxNTZfd2ViLmpwZyJ9\">\n\t\t\t\t\t\t\t<img loading=\"lazy\" decoding=\"async\" width=\"683\" height=\"1024\" src=\"https:\/\/comedepreville.fr\/wp-content\/uploads\/2025\/01\/CDP_7156_web-683x1024.jpg\" class=\"attachment-large size-large wp-image-3617\" alt=\"\" srcset=\"https:\/\/comedepreville.fr\/wp-content\/uploads\/2025\/01\/CDP_7156_web-683x1024.jpg 683w, https:\/\/comedepreville.fr\/wp-content\/uploads\/2025\/01\/CDP_7156_web-200x300.jpg 200w, https:\/\/comedepreville.fr\/wp-content\/uploads\/2025\/01\/CDP_7156_web-768x1152.jpg 768w, https:\/\/comedepreville.fr\/wp-content\/uploads\/2025\/01\/CDP_7156_web-1024x1536.jpg 1024w, https:\/\/comedepreville.fr\/wp-content\/uploads\/2025\/01\/CDP_7156_web-1366x2048.jpg 1366w, https:\/\/comedepreville.fr\/wp-content\/uploads\/2025\/01\/CDP_7156_web-8x12.jpg 8w, https:\/\/comedepreville.fr\/wp-content\/uploads\/2025\/01\/CDP_7156_web.jpg 1667w\" sizes=\"(max-width: 683px) 100vw, 683px\" \/>\t\t\t\t\t\t\t\t<\/a>\n\t\t\t\t\t\t\t\t\t\t\t<figcaption class=\"widget-image-caption wp-caption-text\">Un grand-p\u00e8re tr\u00f4ne, avachi, pr\u00e8s du po\u00eale de ferraille ; il a l\u2019air tranquille mais vide, [...] son visage semble porter toute la souffrance d\u2019un peuple.<\/figcaption>\n\t\t\t\t\t\t\t\t\t\t<\/figure>\n\t\t\t\t\t\t\t\t\t<\/div>\n\t\t\t\t<\/div>\n\t\t\t\t<\/div>\n\t\t\t\t<div class=\"elementor-element elementor-element-1c29901 elementor-widget elementor-widget-text-editor\" data-id=\"1c29901\" data-element_type=\"widget\" data-e-type=\"widget\" data-widget_type=\"text-editor.default\">\n\t\t\t\t<div class=\"elementor-widget-container\">\n\t\t\t\t\t\t\t\t\t<p>Dans cette maison, tout me semble triste et abattu, si ce ne sont les deux enfants qui piaillent et jouent en courant d\u2019un meuble \u00e0 l\u2019autre. Miasnik se charge lui-m\u00eame de briser mes illusions, en se tournant soudain vers moi et en saisissant le bras du petit, me r\u00e9v\u00e9lant une cicatrice \u00e9norme sur le poignet. Il m\u2019explique que ces enfants sont laiss\u00e9s sans surveillance et se br\u00fblent fr\u00e9quemment sur le po\u00eale, ou se blessent dans la rue.<\/p><p>En quittant le village, je jette un dernier regard vers cette maison. La madone, le petit et sa s\u0153ur nous font de grands adieux du bras. Je d\u00e9gaine et rate mon focus, qui accroche l\u2019arri\u00e8re-plan. Finalement, la photo est peut-\u00eatre meilleure ainsi ; le flou porte un voile de pudeur sur la mis\u00e8re de cette famille pour se concentrer sur la gloire du mont Ararat dans la lumi\u00e8re du soir.<\/p>\t\t\t\t\t\t\t\t<\/div>\n\t\t\t\t<\/div>\n\t\t\t\t<div class=\"elementor-element elementor-element-7940349 elementor-widget elementor-widget-image\" data-id=\"7940349\" data-element_type=\"widget\" data-e-type=\"widget\" data-widget_type=\"image.default\">\n\t\t\t\t<div class=\"elementor-widget-container\">\n\t\t\t\t\t\t\t\t\t\t\t\t<figure class=\"wp-caption\">\n\t\t\t\t\t\t\t\t\t\t\t<a href=\"https:\/\/comedepreville.fr\/wp-content\/uploads\/2025\/01\/CDP_7141_web.jpg\" data-elementor-open-lightbox=\"yes\" data-elementor-lightbox-description=\"Il m\u2019explique que ces enfants sont laiss\u00e9s sans surveillance et se br\u00fblent fr\u00e9quemment sur le po\u00eale, ou se blessent dans la rue.\" data-e-action-hash=\"#elementor-action%3Aaction%3Dlightbox%26settings%3DeyJpZCI6MzYxNCwidXJsIjoiaHR0cHM6XC9cL2NvbWVkZXByZXZpbGxlLmZyXC93cC1jb250ZW50XC91cGxvYWRzXC8yMDI1XC8wMVwvQ0RQXzcxNDFfd2ViLmpwZyJ9\">\n\t\t\t\t\t\t\t<img loading=\"lazy\" decoding=\"async\" width=\"683\" height=\"1024\" src=\"https:\/\/comedepreville.fr\/wp-content\/uploads\/2025\/01\/CDP_7141_web-683x1024.jpg\" class=\"attachment-large size-large wp-image-3614\" alt=\"\" srcset=\"https:\/\/comedepreville.fr\/wp-content\/uploads\/2025\/01\/CDP_7141_web-683x1024.jpg 683w, https:\/\/comedepreville.fr\/wp-content\/uploads\/2025\/01\/CDP_7141_web-200x300.jpg 200w, https:\/\/comedepreville.fr\/wp-content\/uploads\/2025\/01\/CDP_7141_web-768x1152.jpg 768w, https:\/\/comedepreville.fr\/wp-content\/uploads\/2025\/01\/CDP_7141_web-1024x1536.jpg 1024w, https:\/\/comedepreville.fr\/wp-content\/uploads\/2025\/01\/CDP_7141_web-1366x2048.jpg 1366w, https:\/\/comedepreville.fr\/wp-content\/uploads\/2025\/01\/CDP_7141_web-8x12.jpg 8w, https:\/\/comedepreville.fr\/wp-content\/uploads\/2025\/01\/CDP_7141_web.jpg 1667w\" sizes=\"(max-width: 683px) 100vw, 683px\" \/>\t\t\t\t\t\t\t\t<\/a>\n\t\t\t\t\t\t\t\t\t\t\t<figcaption class=\"widget-image-caption wp-caption-text\">Il m\u2019explique que ces enfants sont laiss\u00e9s sans surveillance et se br\u00fblent fr\u00e9quemment sur le po\u00eale, ou se blessent dans la rue.<\/figcaption>\n\t\t\t\t\t\t\t\t\t\t<\/figure>\n\t\t\t\t\t\t\t\t\t<\/div>\n\t\t\t\t<\/div>\n\t\t\t\t<div class=\"elementor-element elementor-element-3290927 elementor-widget elementor-widget-image\" data-id=\"3290927\" data-element_type=\"widget\" data-e-type=\"widget\" data-widget_type=\"image.default\">\n\t\t\t\t<div class=\"elementor-widget-container\">\n\t\t\t\t\t\t\t\t\t\t\t\t<figure class=\"wp-caption\">\n\t\t\t\t\t\t\t\t\t\t\t<a href=\"https:\/\/comedepreville.fr\/wp-content\/uploads\/2025\/01\/CDP_7182_web.jpg\" data-elementor-open-lightbox=\"yes\" data-e-action-hash=\"#elementor-action%3Aaction%3Dlightbox%26settings%3DeyJpZCI6MzYyMCwidXJsIjoiaHR0cHM6XC9cL2NvbWVkZXByZXZpbGxlLmZyXC93cC1jb250ZW50XC91cGxvYWRzXC8yMDI1XC8wMVwvQ0RQXzcxODJfd2ViLmpwZyJ9\">\n\t\t\t\t\t\t\t<img loading=\"lazy\" decoding=\"async\" width=\"1536\" height=\"1536\" src=\"https:\/\/comedepreville.fr\/wp-content\/uploads\/2025\/01\/CDP_7182_web-1536x1536.jpg\" class=\"attachment-1536x1536 size-1536x1536 wp-image-3620\" alt=\"\" srcset=\"https:\/\/comedepreville.fr\/wp-content\/uploads\/2025\/01\/CDP_7182_web-1536x1536.jpg 1536w, https:\/\/comedepreville.fr\/wp-content\/uploads\/2025\/01\/CDP_7182_web-300x300.jpg 300w, https:\/\/comedepreville.fr\/wp-content\/uploads\/2025\/01\/CDP_7182_web-1024x1024.jpg 1024w, https:\/\/comedepreville.fr\/wp-content\/uploads\/2025\/01\/CDP_7182_web-150x150.jpg 150w, https:\/\/comedepreville.fr\/wp-content\/uploads\/2025\/01\/CDP_7182_web-768x768.jpg 768w, https:\/\/comedepreville.fr\/wp-content\/uploads\/2025\/01\/CDP_7182_web-2048x2048.jpg 2048w, https:\/\/comedepreville.fr\/wp-content\/uploads\/2025\/01\/CDP_7182_web-12x12.jpg 12w\" sizes=\"(max-width: 1536px) 100vw, 1536px\" \/>\t\t\t\t\t\t\t\t<\/a>\n\t\t\t\t\t\t\t\t\t\t\t<figcaption class=\"widget-image-caption wp-caption-text\">Surenavan, Arm\u00e9nie | \u00a9 C\u00f4me de Pr\u00e9ville<\/figcaption>\n\t\t\t\t\t\t\t\t\t\t<\/figure>\n\t\t\t\t\t\t\t\t\t<\/div>\n\t\t\t\t<\/div>\n\t\t\t\t<div class=\"elementor-element elementor-element-13838a3 elementor-widget-divider--view-line elementor-widget elementor-widget-global elementor-global-4754 elementor-widget-divider\" data-id=\"13838a3\" data-element_type=\"widget\" data-e-type=\"widget\" data-widget_type=\"divider.default\">\n\t\t\t\t<div class=\"elementor-widget-container\">\n\t\t\t\t\t\t\t<div class=\"elementor-divider\">\n\t\t\t<span class=\"elementor-divider-separator\">\n\t\t\t\t\t\t<\/span>\n\t\t<\/div>\n\t\t\t\t\t\t<\/div>\n\t\t\t\t<\/div>\n\t\t\t\t<div class=\"elementor-element elementor-element-cbc87be elementor-widget elementor-widget-heading\" data-id=\"cbc87be\" data-element_type=\"widget\" data-e-type=\"widget\" data-widget_type=\"heading.default\">\n\t\t\t\t<div class=\"elementor-widget-container\">\n\t\t\t\t\t<h2 class=\"elementor-heading-title elementor-size-default\">Ararat<\/h2>\t\t\t\t<\/div>\n\t\t\t\t<\/div>\n\t\t\t\t<div class=\"elementor-element elementor-element-58984a9 elementor-widget elementor-widget-text-editor\" data-id=\"58984a9\" data-element_type=\"widget\" data-e-type=\"widget\" data-widget_type=\"text-editor.default\">\n\t\t\t\t<div class=\"elementor-widget-container\">\n\t\t\t\t\t\t\t\t\t<p>La nuit est tomb\u00e9e quand nous revenons \u00e0 Ararat, pour livrer des m\u00e9dicaments dans deux derni\u00e8res familles de la tourn\u00e9e. Apr\u00e8s un passage \u00e0 la pharmacie, nous arrivons devant ce qui ressemble plus \u00e0 un tas de planches qu\u2019\u00e0 une maison. Il me faut pousser les grands draps qui s\u00e8chent devant l\u2019entr\u00e9e, pour entrer dans le plus petit des deux foyers.<\/p><p>L\u2019atmosph\u00e8re est satur\u00e9e de fum\u00e9e. Les murs faits de panneaux d\u2019agglom\u00e9r\u00e9 tombent en lambeaux. Le toit est une simple t\u00f4le rouill\u00e9e. Au centre, le classique po\u00eale de ferraille, mais celui-ci tire mal, d\u2019o\u00f9 l\u2019\u00e9paisse fum\u00e9e prenant \u00e0 la gorge. Une grande marmite remplie d\u2019eau se r\u00e9chauffe lentement au-dessus, attendant une pile de linge sale entass\u00e9e sur le banc. Un chaton comique en \u00e9merge, aussit\u00f4t poursuivi par le petit choun (chien) des lieux.<\/p><p>Je suis imm\u00e9diatement saisi par la vue de cette grande fille, visiblement handicap\u00e9e mentale, qui g\u00eet dans le canap\u00e9 d\u00e9chir\u00e9. Elle nous sourit sans vraiment nous fixer, car ses cheveux encombrent son regard. Je la trouve en m\u00eame temps repoussante et belle. Un sourire d\u2019ange dans un corps cass\u00e9.<\/p>\t\t\t\t\t\t\t\t<\/div>\n\t\t\t\t<\/div>\n\t\t\t\t<div class=\"elementor-element elementor-element-f18a94d elementor-widget elementor-widget-image\" data-id=\"f18a94d\" data-element_type=\"widget\" data-e-type=\"widget\" data-widget_type=\"image.default\">\n\t\t\t\t<div class=\"elementor-widget-container\">\n\t\t\t\t\t\t\t\t\t\t\t\t<figure class=\"wp-caption\">\n\t\t\t\t\t\t\t\t\t\t\t<a href=\"https:\/\/comedepreville.fr\/wp-content\/uploads\/2025\/01\/CDP_7188_web.jpg\" data-elementor-open-lightbox=\"yes\" data-elementor-lightbox-description=\"Une grande fille, visiblement handicap\u00e9e mentale, qui g\u00eet dans le canap\u00e9 d\u00e9chir\u00e9.\" data-e-action-hash=\"#elementor-action%3Aaction%3Dlightbox%26settings%3DeyJpZCI6MzYyMSwidXJsIjoiaHR0cHM6XC9cL2NvbWVkZXByZXZpbGxlLmZyXC93cC1jb250ZW50XC91cGxvYWRzXC8yMDI1XC8wMVwvQ0RQXzcxODhfd2ViLmpwZyJ9\">\n\t\t\t\t\t\t\t<img loading=\"lazy\" decoding=\"async\" width=\"800\" height=\"534\" src=\"https:\/\/comedepreville.fr\/wp-content\/uploads\/2025\/01\/CDP_7188_web-1024x683.jpg\" class=\"attachment-large size-large wp-image-3621\" alt=\"\" srcset=\"https:\/\/comedepreville.fr\/wp-content\/uploads\/2025\/01\/CDP_7188_web-1024x683.jpg 1024w, https:\/\/comedepreville.fr\/wp-content\/uploads\/2025\/01\/CDP_7188_web-300x200.jpg 300w, https:\/\/comedepreville.fr\/wp-content\/uploads\/2025\/01\/CDP_7188_web-768x512.jpg 768w, https:\/\/comedepreville.fr\/wp-content\/uploads\/2025\/01\/CDP_7188_web-1536x1024.jpg 1536w, https:\/\/comedepreville.fr\/wp-content\/uploads\/2025\/01\/CDP_7188_web-2048x1366.jpg 2048w, https:\/\/comedepreville.fr\/wp-content\/uploads\/2025\/01\/CDP_7188_web-18x12.jpg 18w\" sizes=\"(max-width: 800px) 100vw, 800px\" \/>\t\t\t\t\t\t\t\t<\/a>\n\t\t\t\t\t\t\t\t\t\t\t<figcaption class=\"widget-image-caption wp-caption-text\">Une grande fille, visiblement handicap\u00e9e mentale, qui g\u00eet dans le canap\u00e9 d\u00e9chir\u00e9.<\/figcaption>\n\t\t\t\t\t\t\t\t\t\t<\/figure>\n\t\t\t\t\t\t\t\t\t<\/div>\n\t\t\t\t<\/div>\n\t\t\t\t<div class=\"elementor-element elementor-element-741fe25 elementor-widget elementor-widget-text-editor\" data-id=\"741fe25\" data-element_type=\"widget\" data-e-type=\"widget\" data-widget_type=\"text-editor.default\">\n\t\t\t\t<div class=\"elementor-widget-container\">\n\t\t\t\t\t\t\t\t\t<p>Sa petite s\u0153ur doit avoir le m\u00eame \u00e2ge. Elle reste \u00e0 distance, nous souriant discr\u00e8tement derri\u00e8re la jupe de sa m\u00e8re, une solide Arm\u00e9nienne pur style qui v\u00e9rifie la temp\u00e9rature de l\u2019eau. Une autre est l\u00e0 sur le banc, est-ce la tante ? La grand-m\u00e8re ? La voisine ? Je l\u2019ignore.<\/p><p>La conversation commence entre Miasnik et les deux femmes, mouvement\u00e9e pour de vrai cette fois-ci ; il me semble comprendre que \u00e7a porte sur une histoire de mensonge autour des m\u00e9dicaments livr\u00e9s, je n\u2019en saurai pas plus. Je propose \u00e0 la petite de s\u2019approcher pour utiliser mon appareil, elle refuse de loin. Elle a le m\u00eame regard profond et adulte que le jeune gar\u00e7on de Yeraskh, de ceux qui ont d\u00e9j\u00e0 trop vu.<\/p><p>Soudain, elle se jette dans le canap\u00e9 et enlace sa s\u0153ur, en blottissant son visage tout contre son cou. Je suis saisi d\u2019\u00e9motion devant cette tendresse spontan\u00e9e et renversante, dans ce d\u00e9cor de mis\u00e8re. J&rsquo;en oublie de d\u00e9clencher, et mon clich\u00e9 arrive trop tard pour saisir la beaut\u00e9 du moment.<\/p>\t\t\t\t\t\t\t\t<\/div>\n\t\t\t\t<\/div>\n\t\t\t\t<div class=\"elementor-element elementor-element-d8b041f elementor-widget elementor-widget-image\" data-id=\"d8b041f\" data-element_type=\"widget\" data-e-type=\"widget\" data-widget_type=\"image.default\">\n\t\t\t\t<div class=\"elementor-widget-container\">\n\t\t\t\t\t\t\t\t\t\t\t\t<figure class=\"wp-caption\">\n\t\t\t\t\t\t\t\t\t\t\t<a href=\"https:\/\/comedepreville.fr\/wp-content\/uploads\/2025\/01\/CDP_7201_web.jpg\" data-elementor-open-lightbox=\"yes\" data-elementor-lightbox-description=\"Elle se jette dans le canap\u00e9 et enlace sa s\u0153ur, en blottissant son visage tout contre son cou.\" data-e-action-hash=\"#elementor-action%3Aaction%3Dlightbox%26settings%3DeyJpZCI6MzYyNCwidXJsIjoiaHR0cHM6XC9cL2NvbWVkZXByZXZpbGxlLmZyXC93cC1jb250ZW50XC91cGxvYWRzXC8yMDI1XC8wMVwvQ0RQXzcyMDFfd2ViLmpwZyJ9\">\n\t\t\t\t\t\t\t<img loading=\"lazy\" decoding=\"async\" width=\"800\" height=\"534\" src=\"https:\/\/comedepreville.fr\/wp-content\/uploads\/2025\/01\/CDP_7201_web-1024x683.jpg\" class=\"attachment-large size-large wp-image-3624\" alt=\"\" srcset=\"https:\/\/comedepreville.fr\/wp-content\/uploads\/2025\/01\/CDP_7201_web-1024x683.jpg 1024w, https:\/\/comedepreville.fr\/wp-content\/uploads\/2025\/01\/CDP_7201_web-300x200.jpg 300w, https:\/\/comedepreville.fr\/wp-content\/uploads\/2025\/01\/CDP_7201_web-768x512.jpg 768w, https:\/\/comedepreville.fr\/wp-content\/uploads\/2025\/01\/CDP_7201_web-1536x1024.jpg 1536w, https:\/\/comedepreville.fr\/wp-content\/uploads\/2025\/01\/CDP_7201_web-2048x1366.jpg 2048w, https:\/\/comedepreville.fr\/wp-content\/uploads\/2025\/01\/CDP_7201_web-18x12.jpg 18w\" sizes=\"(max-width: 800px) 100vw, 800px\" \/>\t\t\t\t\t\t\t\t<\/a>\n\t\t\t\t\t\t\t\t\t\t\t<figcaption class=\"widget-image-caption wp-caption-text\">Elle se jette dans le canap\u00e9 et enlace sa s\u0153ur, en blottissant son visage tout contre son cou.<\/figcaption>\n\t\t\t\t\t\t\t\t\t\t<\/figure>\n\t\t\t\t\t\t\t\t\t<\/div>\n\t\t\t\t<\/div>\n\t\t\t\t<div class=\"elementor-element elementor-element-1b58261 elementor-widget elementor-widget-image\" data-id=\"1b58261\" data-element_type=\"widget\" data-e-type=\"widget\" data-widget_type=\"image.default\">\n\t\t\t\t<div class=\"elementor-widget-container\">\n\t\t\t\t\t\t\t\t\t\t\t\t<figure class=\"wp-caption\">\n\t\t\t\t\t\t\t\t\t\t\t<a href=\"https:\/\/comedepreville.fr\/wp-content\/uploads\/2025\/01\/CDP_7200_web.jpg\" data-elementor-open-lightbox=\"yes\" data-elementor-lightbox-description=\"La m\u00e8re est une solide Arm\u00e9nienne pur style qui v\u00e9rifie la temp\u00e9rature de l\u2019eau tout en conversant.\" data-e-action-hash=\"#elementor-action%3Aaction%3Dlightbox%26settings%3DeyJpZCI6MzYyMywidXJsIjoiaHR0cHM6XC9cL2NvbWVkZXByZXZpbGxlLmZyXC93cC1jb250ZW50XC91cGxvYWRzXC8yMDI1XC8wMVwvQ0RQXzcyMDBfd2ViLmpwZyJ9\">\n\t\t\t\t\t\t\t<img loading=\"lazy\" decoding=\"async\" width=\"683\" height=\"1024\" src=\"https:\/\/comedepreville.fr\/wp-content\/uploads\/2025\/01\/CDP_7200_web-683x1024.jpg\" class=\"attachment-large size-large wp-image-3623\" alt=\"\" srcset=\"https:\/\/comedepreville.fr\/wp-content\/uploads\/2025\/01\/CDP_7200_web-683x1024.jpg 683w, https:\/\/comedepreville.fr\/wp-content\/uploads\/2025\/01\/CDP_7200_web-200x300.jpg 200w, https:\/\/comedepreville.fr\/wp-content\/uploads\/2025\/01\/CDP_7200_web-768x1152.jpg 768w, https:\/\/comedepreville.fr\/wp-content\/uploads\/2025\/01\/CDP_7200_web-1024x1536.jpg 1024w, https:\/\/comedepreville.fr\/wp-content\/uploads\/2025\/01\/CDP_7200_web-1366x2048.jpg 1366w, https:\/\/comedepreville.fr\/wp-content\/uploads\/2025\/01\/CDP_7200_web-8x12.jpg 8w, https:\/\/comedepreville.fr\/wp-content\/uploads\/2025\/01\/CDP_7200_web.jpg 1667w\" sizes=\"(max-width: 683px) 100vw, 683px\" \/>\t\t\t\t\t\t\t\t<\/a>\n\t\t\t\t\t\t\t\t\t\t\t<figcaption class=\"widget-image-caption wp-caption-text\">La m\u00e8re est une solide Arm\u00e9nienne pur style qui v\u00e9rifie la temp\u00e9rature de l\u2019eau tout en conversant.<\/figcaption>\n\t\t\t\t\t\t\t\t\t\t<\/figure>\n\t\t\t\t\t\t\t\t\t<\/div>\n\t\t\t\t<\/div>\n\t\t\t\t<div class=\"elementor-element elementor-element-d69f8e3 elementor-widget elementor-widget-text-editor\" data-id=\"d69f8e3\" data-element_type=\"widget\" data-e-type=\"widget\" data-widget_type=\"text-editor.default\">\n\t\t\t\t<div class=\"elementor-widget-container\">\n\t\t\t\t\t\t\t\t\t<p>Dehors, il fait 1 \u00b0C, et nous arrivons \u00e0 la derni\u00e8re maison de la tourn\u00e9e. Il y a du monde, \u00e0 l\u2019int\u00e9rieur ! Miasnik me fait le topo dans un anglais approximatif, en passant le porche d\u2019entr\u00e9e : la femme que nous allons visiter a \u00e9t\u00e9 quitt\u00e9e par son mari alors qu\u2019elle \u00e9tait enceinte de son sixi\u00e8me enfant. Il est parti vivre avec une prostitu\u00e9e, de ce que j&rsquo;en comprends, abandonnant l\u2019ensemble de la famille derri\u00e8re lui.<\/p><p>La m\u00e8re sort de couche, elle a accouch\u00e9 de son sixi\u00e8me seulement cinq jours avant notre passage. Sa m\u00e8re et la voisine sont l\u00e0 pour s\u2019occuper des enfants.<\/p>\t\t\t\t\t\t\t\t<\/div>\n\t\t\t\t<\/div>\n\t\t\t\t<div class=\"elementor-element elementor-element-93d6b06 elementor-widget elementor-widget-image\" data-id=\"93d6b06\" data-element_type=\"widget\" data-e-type=\"widget\" data-widget_type=\"image.default\">\n\t\t\t\t<div class=\"elementor-widget-container\">\n\t\t\t\t\t\t\t\t\t\t\t\t<figure class=\"wp-caption\">\n\t\t\t\t\t\t\t\t\t\t\t<a href=\"https:\/\/comedepreville.fr\/wp-content\/uploads\/2025\/01\/CDP_7277_web.jpg\" data-elementor-open-lightbox=\"yes\" data-elementor-lightbox-description=\"Elle a accouch\u00e9 de son sixi\u00e8me seulement 5 jours avant notre passage.\" data-e-action-hash=\"#elementor-action%3Aaction%3Dlightbox%26settings%3DeyJpZCI6MzYzMSwidXJsIjoiaHR0cHM6XC9cL2NvbWVkZXByZXZpbGxlLmZyXC93cC1jb250ZW50XC91cGxvYWRzXC8yMDI1XC8wMVwvQ0RQXzcyNzdfd2ViLmpwZyJ9\">\n\t\t\t\t\t\t\t<img loading=\"lazy\" decoding=\"async\" width=\"683\" height=\"1024\" src=\"https:\/\/comedepreville.fr\/wp-content\/uploads\/2025\/01\/CDP_7277_web-683x1024.jpg\" class=\"attachment-large size-large wp-image-3631\" alt=\"\" srcset=\"https:\/\/comedepreville.fr\/wp-content\/uploads\/2025\/01\/CDP_7277_web-683x1024.jpg 683w, https:\/\/comedepreville.fr\/wp-content\/uploads\/2025\/01\/CDP_7277_web-200x300.jpg 200w, https:\/\/comedepreville.fr\/wp-content\/uploads\/2025\/01\/CDP_7277_web-768x1152.jpg 768w, https:\/\/comedepreville.fr\/wp-content\/uploads\/2025\/01\/CDP_7277_web-1024x1536.jpg 1024w, https:\/\/comedepreville.fr\/wp-content\/uploads\/2025\/01\/CDP_7277_web-1366x2048.jpg 1366w, https:\/\/comedepreville.fr\/wp-content\/uploads\/2025\/01\/CDP_7277_web-8x12.jpg 8w, https:\/\/comedepreville.fr\/wp-content\/uploads\/2025\/01\/CDP_7277_web.jpg 1667w\" sizes=\"(max-width: 683px) 100vw, 683px\" \/>\t\t\t\t\t\t\t\t<\/a>\n\t\t\t\t\t\t\t\t\t\t\t<figcaption class=\"widget-image-caption wp-caption-text\">Elle a accouch\u00e9 de son sixi\u00e8me seulement 5 jours avant notre passage.<\/figcaption>\n\t\t\t\t\t\t\t\t\t\t<\/figure>\n\t\t\t\t\t\t\t\t\t<\/div>\n\t\t\t\t<\/div>\n\t\t\t\t<div class=\"elementor-element elementor-element-962d539 elementor-widget elementor-widget-image\" data-id=\"962d539\" data-element_type=\"widget\" data-e-type=\"widget\" data-widget_type=\"image.default\">\n\t\t\t\t<div class=\"elementor-widget-container\">\n\t\t\t\t\t\t\t\t\t\t\t\t<figure class=\"wp-caption\">\n\t\t\t\t\t\t\t\t\t\t\t<a href=\"https:\/\/comedepreville.fr\/wp-content\/uploads\/2025\/01\/CDP_7241_web.jpg\" data-elementor-open-lightbox=\"yes\" data-elementor-lightbox-description=\"Ararat, Arm\u00e9nie | \u00a9 C\u00f4me de Pr\u00e9ville\" data-e-action-hash=\"#elementor-action%3Aaction%3Dlightbox%26settings%3DeyJpZCI6MzYyOSwidXJsIjoiaHR0cHM6XC9cL2NvbWVkZXByZXZpbGxlLmZyXC93cC1jb250ZW50XC91cGxvYWRzXC8yMDI1XC8wMVwvQ0RQXzcyNDFfd2ViLmpwZyJ9\">\n\t\t\t\t\t\t\t<img loading=\"lazy\" decoding=\"async\" width=\"800\" height=\"534\" src=\"https:\/\/comedepreville.fr\/wp-content\/uploads\/2025\/01\/CDP_7241_web-1024x683.jpg\" class=\"attachment-large size-large wp-image-3629\" alt=\"\" srcset=\"https:\/\/comedepreville.fr\/wp-content\/uploads\/2025\/01\/CDP_7241_web-1024x683.jpg 1024w, https:\/\/comedepreville.fr\/wp-content\/uploads\/2025\/01\/CDP_7241_web-300x200.jpg 300w, https:\/\/comedepreville.fr\/wp-content\/uploads\/2025\/01\/CDP_7241_web-768x512.jpg 768w, https:\/\/comedepreville.fr\/wp-content\/uploads\/2025\/01\/CDP_7241_web-1536x1024.jpg 1536w, https:\/\/comedepreville.fr\/wp-content\/uploads\/2025\/01\/CDP_7241_web-2048x1366.jpg 2048w, https:\/\/comedepreville.fr\/wp-content\/uploads\/2025\/01\/CDP_7241_web-18x12.jpg 18w\" sizes=\"(max-width: 800px) 100vw, 800px\" \/>\t\t\t\t\t\t\t\t<\/a>\n\t\t\t\t\t\t\t\t\t\t\t<figcaption class=\"widget-image-caption wp-caption-text\">Ararat, Arm\u00e9nie | \u00a9 C\u00f4me de Pr\u00e9ville<\/figcaption>\n\t\t\t\t\t\t\t\t\t\t<\/figure>\n\t\t\t\t\t\t\t\t\t<\/div>\n\t\t\t\t<\/div>\n\t\t\t\t<div class=\"elementor-element elementor-element-814586d elementor-widget elementor-widget-text-editor\" data-id=\"814586d\" data-element_type=\"widget\" data-e-type=\"widget\" data-widget_type=\"text-editor.default\">\n\t\t\t\t<div class=\"elementor-widget-container\">\n\t\t\t\t\t\t\t\t\t<p>Elle est joyeuse, cette fratrie : les uns et les autres se bousculent avec plus ou moins de timidit\u00e9, pour s\u2019approcher de mon appareil, que je leur fais essayer avec plaisir. Je parviens \u00e0 leur glisser quelques mots, pour leur demander leurs noms, leurs \u00e2ges, en leur faisant r\u00e9p\u00e9ter pour bien comprendre les r\u00e9ponses. Ils s\u2019entassent finalement sur le canap\u00e9 et me demandent une photo de groupe, en fratrie puis avec leur m\u00e8re.<\/p><p>On per\u00e7oit leurs caract\u00e8res imm\u00e9diatement : la deuxi\u00e8me et la quatri\u00e8me sont vives et t\u00e9m\u00e9raires ; l&rsquo;ain\u00e9 a une aura d&rsquo;homme de la famille, malgr\u00e9 ses onze ans, on le sent d\u00e9j\u00e0 responsable et gardien de sa famille ; la troisi\u00e8me est perplexe et timide, avec un beau regard emprunt de crainte.<\/p><p>Quant \u00e0 la m\u00e8re, est tr\u00e8s digne dans sa souffrance. Elle materne sans h\u00e9sitation, ber\u00e7ant le nouveau-n\u00e9 d\u2019une main s\u00fbre, tout en rabrouant les enfants qui commenceraient \u00e0 \u00eatre trop bruyants. Elle s\u2019adresse \u00e0 Miasnik, je ne comprends pas ce qu\u2019elle dit, mais la r\u00e9volte et la col\u00e8re perce dans sa voix. Je lui trouve quelque chose de princier, malgr\u00e9 sa vie fracass\u00e9e dans les faubourgs d\u2019Ararat.<\/p>\t\t\t\t\t\t\t\t<\/div>\n\t\t\t\t<\/div>\n\t\t\t\t<div class=\"elementor-element elementor-element-0cd6c3c elementor-widget elementor-widget-image\" data-id=\"0cd6c3c\" data-element_type=\"widget\" data-e-type=\"widget\" data-widget_type=\"image.default\">\n\t\t\t\t<div class=\"elementor-widget-container\">\n\t\t\t\t\t\t\t\t\t\t\t\t<figure class=\"wp-caption\">\n\t\t\t\t\t\t\t\t\t\t\t<a href=\"https:\/\/comedepreville.fr\/wp-content\/uploads\/2025\/01\/CDP_7234_web.jpg\" data-elementor-open-lightbox=\"yes\" data-elementor-lightbox-description=\"La troisi\u00e8me est perplexe et timide, avec un beau regard emprunt de crainte.\" data-e-action-hash=\"#elementor-action%3Aaction%3Dlightbox%26settings%3DeyJpZCI6MzYyOCwidXJsIjoiaHR0cHM6XC9cL2NvbWVkZXByZXZpbGxlLmZyXC93cC1jb250ZW50XC91cGxvYWRzXC8yMDI1XC8wMVwvQ0RQXzcyMzRfd2ViLmpwZyJ9\">\n\t\t\t\t\t\t\t<img loading=\"lazy\" decoding=\"async\" width=\"800\" height=\"534\" src=\"https:\/\/comedepreville.fr\/wp-content\/uploads\/2025\/01\/CDP_7234_web-1024x683.jpg\" class=\"attachment-large size-large wp-image-3628\" alt=\"\" srcset=\"https:\/\/comedepreville.fr\/wp-content\/uploads\/2025\/01\/CDP_7234_web-1024x683.jpg 1024w, https:\/\/comedepreville.fr\/wp-content\/uploads\/2025\/01\/CDP_7234_web-300x200.jpg 300w, https:\/\/comedepreville.fr\/wp-content\/uploads\/2025\/01\/CDP_7234_web-768x512.jpg 768w, https:\/\/comedepreville.fr\/wp-content\/uploads\/2025\/01\/CDP_7234_web-1536x1024.jpg 1536w, https:\/\/comedepreville.fr\/wp-content\/uploads\/2025\/01\/CDP_7234_web-2048x1366.jpg 2048w, https:\/\/comedepreville.fr\/wp-content\/uploads\/2025\/01\/CDP_7234_web-18x12.jpg 18w\" sizes=\"(max-width: 800px) 100vw, 800px\" \/>\t\t\t\t\t\t\t\t<\/a>\n\t\t\t\t\t\t\t\t\t\t\t<figcaption class=\"widget-image-caption wp-caption-text\">La troisi\u00e8me est perplexe et timide, avec un beau regard emprunt de crainte.<\/figcaption>\n\t\t\t\t\t\t\t\t\t\t<\/figure>\n\t\t\t\t\t\t\t\t\t<\/div>\n\t\t\t\t<\/div>\n\t\t\t\t<div class=\"elementor-element elementor-element-8650f90 elementor-widget elementor-widget-image\" data-id=\"8650f90\" data-element_type=\"widget\" data-e-type=\"widget\" data-widget_type=\"image.default\">\n\t\t\t\t<div class=\"elementor-widget-container\">\n\t\t\t\t\t\t\t\t\t\t\t\t<figure class=\"wp-caption\">\n\t\t\t\t\t\t\t\t\t\t\t<a href=\"https:\/\/comedepreville.fr\/wp-content\/uploads\/2025\/01\/CDP_7222_web.jpg\" data-elementor-open-lightbox=\"yes\" data-e-action-hash=\"#elementor-action%3Aaction%3Dlightbox%26settings%3DeyJpZCI6MzYyNiwidXJsIjoiaHR0cHM6XC9cL2NvbWVkZXByZXZpbGxlLmZyXC93cC1jb250ZW50XC91cGxvYWRzXC8yMDI1XC8wMVwvQ0RQXzcyMjJfd2ViLmpwZyJ9\">\n\t\t\t\t\t\t\t<img loading=\"lazy\" decoding=\"async\" width=\"683\" height=\"1024\" src=\"https:\/\/comedepreville.fr\/wp-content\/uploads\/2025\/01\/CDP_7222_web-683x1024.jpg\" class=\"attachment-large size-large wp-image-3626\" alt=\"\" srcset=\"https:\/\/comedepreville.fr\/wp-content\/uploads\/2025\/01\/CDP_7222_web-683x1024.jpg 683w, https:\/\/comedepreville.fr\/wp-content\/uploads\/2025\/01\/CDP_7222_web-200x300.jpg 200w, https:\/\/comedepreville.fr\/wp-content\/uploads\/2025\/01\/CDP_7222_web-768x1152.jpg 768w, https:\/\/comedepreville.fr\/wp-content\/uploads\/2025\/01\/CDP_7222_web-1024x1536.jpg 1024w, https:\/\/comedepreville.fr\/wp-content\/uploads\/2025\/01\/CDP_7222_web-1366x2048.jpg 1366w, https:\/\/comedepreville.fr\/wp-content\/uploads\/2025\/01\/CDP_7222_web-8x12.jpg 8w, https:\/\/comedepreville.fr\/wp-content\/uploads\/2025\/01\/CDP_7222_web.jpg 1667w\" sizes=\"(max-width: 683px) 100vw, 683px\" \/>\t\t\t\t\t\t\t\t<\/a>\n\t\t\t\t\t\t\t\t\t\t\t<figcaption class=\"widget-image-caption wp-caption-text\">La m\u00e8re, l'ain\u00e9 et le dernier posent sur le canap\u00e9.<\/figcaption>\n\t\t\t\t\t\t\t\t\t\t<\/figure>\n\t\t\t\t\t\t\t\t\t<\/div>\n\t\t\t\t<\/div>\n\t\t\t\t<div class=\"elementor-element elementor-element-f3d353e elementor-widget elementor-widget-image\" data-id=\"f3d353e\" data-element_type=\"widget\" data-e-type=\"widget\" data-widget_type=\"image.default\">\n\t\t\t\t<div class=\"elementor-widget-container\">\n\t\t\t\t\t\t\t\t\t\t\t\t<figure class=\"wp-caption\">\n\t\t\t\t\t\t\t\t\t\t\t<a href=\"https:\/\/comedepreville.fr\/wp-content\/uploads\/2025\/01\/CDP_7225_web.jpg\" data-elementor-open-lightbox=\"yes\" data-elementor-lightbox-description=\"Elle materne sans h\u00e9sitation, ber\u00e7ant le nouveau-n\u00e9 d\u2019une main s\u00fbre tout en rabrouant les enfants qui commenceraient \u00e0 \u00eatre trop bruyants.\" data-e-action-hash=\"#elementor-action%3Aaction%3Dlightbox%26settings%3DeyJpZCI6MzYyNywidXJsIjoiaHR0cHM6XC9cL2NvbWVkZXByZXZpbGxlLmZyXC93cC1jb250ZW50XC91cGxvYWRzXC8yMDI1XC8wMVwvQ0RQXzcyMjVfd2ViLmpwZyJ9\">\n\t\t\t\t\t\t\t<img loading=\"lazy\" decoding=\"async\" width=\"800\" height=\"534\" src=\"https:\/\/comedepreville.fr\/wp-content\/uploads\/2025\/01\/CDP_7225_web-1024x683.jpg\" class=\"attachment-large size-large wp-image-3627\" alt=\"\" srcset=\"https:\/\/comedepreville.fr\/wp-content\/uploads\/2025\/01\/CDP_7225_web-1024x683.jpg 1024w, https:\/\/comedepreville.fr\/wp-content\/uploads\/2025\/01\/CDP_7225_web-300x200.jpg 300w, https:\/\/comedepreville.fr\/wp-content\/uploads\/2025\/01\/CDP_7225_web-768x512.jpg 768w, https:\/\/comedepreville.fr\/wp-content\/uploads\/2025\/01\/CDP_7225_web-1536x1024.jpg 1536w, https:\/\/comedepreville.fr\/wp-content\/uploads\/2025\/01\/CDP_7225_web-2048x1366.jpg 2048w, https:\/\/comedepreville.fr\/wp-content\/uploads\/2025\/01\/CDP_7225_web-18x12.jpg 18w\" sizes=\"(max-width: 800px) 100vw, 800px\" \/>\t\t\t\t\t\t\t\t<\/a>\n\t\t\t\t\t\t\t\t\t\t\t<figcaption class=\"widget-image-caption wp-caption-text\">Elle materne sans h\u00e9sitation, ber\u00e7ant le nouveau-n\u00e9 d\u2019une main s\u00fbre tout en rabrouant les enfants qui commenceraient \u00e0 \u00eatre trop bruyants.<\/figcaption>\n\t\t\t\t\t\t\t\t\t\t<\/figure>\n\t\t\t\t\t\t\t\t\t<\/div>\n\t\t\t\t<\/div>\n\t\t\t\t\t<\/div>\n\t\t\t\t<\/div>\n\t\t\t\t<\/div>\n\t\t","protected":false},"excerpt":{"rendered":"<p>In Yeraskh, near the Azerbaijani border, refugee families from Nagorno-Karabakh are trying to get back on their feet after the 2023 offensive. A look at their difficult daily lives.<\/p>","protected":false},"author":1,"featured_media":3600,"comment_status":"closed","ping_status":"closed","sticky":false,"template":"","format":"standard","meta":{"footnotes":""},"categories":[16],"tags":[19],"class_list":["post-4768","post","type-post","status-publish","format-standard","has-post-thumbnail","hentry","category-reportage","tag-19"],"yoast_head":"<!-- This site is optimized with the Yoast SEO plugin v27.5 - https:\/\/yoast.com\/product\/yoast-seo-wordpress\/ -->\n<title>Les r\u00e9fugi\u00e9s de Yeraskh &#8211; Reportage photo de C\u00f4me de Pr\u00e9ville<\/title>\n<meta name=\"description\" content=\"Sur la fronti\u00e8re arm\u00e9no-az\u00e9rie, un regard sur les familles r\u00e9fugi\u00e9es du Haut-Karabagh tentent de reprendre pied apr\u00e8s l\u2019offensive de 2023.\" \/>\n<meta name=\"robots\" content=\"index, follow, max-snippet:-1, max-image-preview:large, max-video-preview:-1\" \/>\n<link rel=\"canonical\" href=\"https:\/\/comedepreville.fr\/en\/reportage\/les-refugies-de-yeraskh\/\" \/>\n<meta property=\"og:locale\" content=\"en_GB\" \/>\n<meta property=\"og:type\" content=\"article\" \/>\n<meta property=\"og:title\" content=\"Les r\u00e9fugi\u00e9s de Yeraskh &#8211; Reportage photo de C\u00f4me de Pr\u00e9ville\" \/>\n<meta property=\"og:description\" content=\"Sur la fronti\u00e8re arm\u00e9no-az\u00e9rie, un regard sur les familles r\u00e9fugi\u00e9es du Haut-Karabagh tentent de reprendre pied apr\u00e8s l\u2019offensive de 2023.\" \/>\n<meta property=\"og:url\" content=\"https:\/\/comedepreville.fr\/en\/reportage\/les-refugies-de-yeraskh\/\" \/>\n<meta property=\"og:site_name\" content=\"C\u00f4me de Pr\u00e9ville\" \/>\n<meta property=\"article:publisher\" content=\"fb.me\/comedepreville\" \/>\n<meta property=\"article:author\" content=\"fb.me\/comedepreville\" \/>\n<meta property=\"article:published_time\" content=\"2025-02-28T14:31:24+00:00\" \/>\n<meta property=\"article:modified_time\" content=\"2025-03-03T09:48:21+00:00\" \/>\n<meta property=\"og:image\" content=\"https:\/\/comedepreville.fr\/wp-content\/uploads\/2025\/01\/CDP_6978_web.jpg\" \/>\n\t<meta property=\"og:image:width\" content=\"2500\" \/>\n\t<meta property=\"og:image:height\" content=\"1667\" \/>\n\t<meta property=\"og:image:type\" content=\"image\/jpeg\" \/>\n<meta name=\"author\" content=\"C\u00f4me de Pr\u00e9ville\" \/>\n<meta name=\"twitter:card\" content=\"summary_large_image\" \/>\n<meta name=\"twitter:creator\" content=\"@sailing_coco\" \/>\n<meta name=\"twitter:site\" content=\"@sailing_coco\" \/>\n<meta name=\"twitter:label1\" content=\"Written by\" \/>\n\t<meta name=\"twitter:data1\" content=\"C\u00f4me de Pr\u00e9ville\" \/>\n\t<meta name=\"twitter:label2\" content=\"Estimated reading time\" \/>\n\t<meta name=\"twitter:data2\" content=\"13 minutes\" \/>\n<script type=\"application\/ld+json\" class=\"yoast-schema-graph\">{\"@context\":\"https:\\\/\\\/schema.org\",\"@graph\":[{\"@type\":\"Article\",\"@id\":\"https:\\\/\\\/comedepreville.fr\\\/reportage\\\/les-refugies-de-yeraskh\\\/#article\",\"isPartOf\":{\"@id\":\"https:\\\/\\\/comedepreville.fr\\\/reportage\\\/les-refugies-de-yeraskh\\\/\"},\"author\":{\"name\":\"C\u00f4me de Pr\u00e9ville\",\"@id\":\"https:\\\/\\\/comedepreville.fr\\\/#\\\/schema\\\/person\\\/7e4b1911f4e6fdf5ed92275b0ef5b9e7\"},\"headline\":\"Les r\u00e9fugi\u00e9s de Yeraskh\",\"datePublished\":\"2025-02-28T14:31:24+00:00\",\"dateModified\":\"2025-03-03T09:48:21+00:00\",\"mainEntityOfPage\":{\"@id\":\"https:\\\/\\\/comedepreville.fr\\\/reportage\\\/les-refugies-de-yeraskh\\\/\"},\"wordCount\":2621,\"publisher\":{\"@id\":\"https:\\\/\\\/comedepreville.fr\\\/#\\\/schema\\\/person\\\/7e4b1911f4e6fdf5ed92275b0ef5b9e7\"},\"image\":{\"@id\":\"https:\\\/\\\/comedepreville.fr\\\/reportage\\\/les-refugies-de-yeraskh\\\/#primaryimage\"},\"thumbnailUrl\":\"https:\\\/\\\/comedepreville.fr\\\/wp-content\\\/uploads\\\/2025\\\/01\\\/CDP_6978_web.jpg\",\"keywords\":[\"2024\"],\"articleSection\":[\"Reportage\"],\"inLanguage\":\"en-GB\"},{\"@type\":\"WebPage\",\"@id\":\"https:\\\/\\\/comedepreville.fr\\\/reportage\\\/les-refugies-de-yeraskh\\\/\",\"url\":\"https:\\\/\\\/comedepreville.fr\\\/reportage\\\/les-refugies-de-yeraskh\\\/\",\"name\":\"Les r\u00e9fugi\u00e9s de Yeraskh &#8211; Reportage photo de C\u00f4me de Pr\u00e9ville\",\"isPartOf\":{\"@id\":\"https:\\\/\\\/comedepreville.fr\\\/#website\"},\"primaryImageOfPage\":{\"@id\":\"https:\\\/\\\/comedepreville.fr\\\/reportage\\\/les-refugies-de-yeraskh\\\/#primaryimage\"},\"image\":{\"@id\":\"https:\\\/\\\/comedepreville.fr\\\/reportage\\\/les-refugies-de-yeraskh\\\/#primaryimage\"},\"thumbnailUrl\":\"https:\\\/\\\/comedepreville.fr\\\/wp-content\\\/uploads\\\/2025\\\/01\\\/CDP_6978_web.jpg\",\"datePublished\":\"2025-02-28T14:31:24+00:00\",\"dateModified\":\"2025-03-03T09:48:21+00:00\",\"description\":\"Sur la fronti\u00e8re arm\u00e9no-az\u00e9rie, un regard sur les familles r\u00e9fugi\u00e9es du Haut-Karabagh tentent de reprendre pied apr\u00e8s l\u2019offensive de 2023.\",\"breadcrumb\":{\"@id\":\"https:\\\/\\\/comedepreville.fr\\\/reportage\\\/les-refugies-de-yeraskh\\\/#breadcrumb\"},\"inLanguage\":\"en-GB\",\"potentialAction\":[{\"@type\":\"ReadAction\",\"target\":[\"https:\\\/\\\/comedepreville.fr\\\/reportage\\\/les-refugies-de-yeraskh\\\/\"]}]},{\"@type\":\"ImageObject\",\"inLanguage\":\"en-GB\",\"@id\":\"https:\\\/\\\/comedepreville.fr\\\/reportage\\\/les-refugies-de-yeraskh\\\/#primaryimage\",\"url\":\"https:\\\/\\\/comedepreville.fr\\\/wp-content\\\/uploads\\\/2025\\\/01\\\/CDP_6978_web.jpg\",\"contentUrl\":\"https:\\\/\\\/comedepreville.fr\\\/wp-content\\\/uploads\\\/2025\\\/01\\\/CDP_6978_web.jpg\",\"width\":2500,\"height\":1667,\"caption\":\"Je suis saisi du contraste entre ma pauvret\u00e9 du lieu (les murs crasseux, le sol d\u00e9salign\u00e9, le lit-banquette comme unique mobilier) et la t\u00e9l\u00e9vision d\u00e9bitant son programme de t\u00e9l\u00e9-r\u00e9alit\u00e9 arm\u00e9nien\"},{\"@type\":\"BreadcrumbList\",\"@id\":\"https:\\\/\\\/comedepreville.fr\\\/reportage\\\/les-refugies-de-yeraskh\\\/#breadcrumb\",\"itemListElement\":[{\"@type\":\"ListItem\",\"position\":1,\"name\":\"Accueil\",\"item\":\"https:\\\/\\\/comedepreville.fr\\\/\"},{\"@type\":\"ListItem\",\"position\":2,\"name\":\"Les r\u00e9fugi\u00e9s de Yeraskh\"}]},{\"@type\":\"WebSite\",\"@id\":\"https:\\\/\\\/comedepreville.fr\\\/#website\",\"url\":\"https:\\\/\\\/comedepreville.fr\\\/\",\"name\":\"C\u00f4me de Pr\u00e9ville\",\"description\":\"Photoreporter\",\"publisher\":{\"@id\":\"https:\\\/\\\/comedepreville.fr\\\/#\\\/schema\\\/person\\\/7e4b1911f4e6fdf5ed92275b0ef5b9e7\"},\"potentialAction\":[{\"@type\":\"SearchAction\",\"target\":{\"@type\":\"EntryPoint\",\"urlTemplate\":\"https:\\\/\\\/comedepreville.fr\\\/?s={search_term_string}\"},\"query-input\":{\"@type\":\"PropertyValueSpecification\",\"valueRequired\":true,\"valueName\":\"search_term_string\"}}],\"inLanguage\":\"en-GB\"},{\"@type\":[\"Person\",\"Organization\"],\"@id\":\"https:\\\/\\\/comedepreville.fr\\\/#\\\/schema\\\/person\\\/7e4b1911f4e6fdf5ed92275b0ef5b9e7\",\"name\":\"C\u00f4me de Pr\u00e9ville\",\"image\":{\"@type\":\"ImageObject\",\"inLanguage\":\"en-GB\",\"@id\":\"https:\\\/\\\/comedepreville.fr\\\/wp-content\\\/uploads\\\/2021\\\/11\\\/Fichier-3.png\",\"url\":\"https:\\\/\\\/comedepreville.fr\\\/wp-content\\\/uploads\\\/2021\\\/11\\\/Fichier-3.png\",\"contentUrl\":\"https:\\\/\\\/comedepreville.fr\\\/wp-content\\\/uploads\\\/2021\\\/11\\\/Fichier-3.png\",\"width\":800,\"height\":166,\"caption\":\"C\u00f4me de Pr\u00e9ville\"},\"logo\":{\"@id\":\"https:\\\/\\\/comedepreville.fr\\\/wp-content\\\/uploads\\\/2021\\\/11\\\/Fichier-3.png\"},\"sameAs\":[\"http:\\\/\\\/comedepreville.fr\",\"fb.me\\\/comedepreville\",\"https:\\\/\\\/www.instagram.com\\\/comedepreville\\\/\",\"https:\\\/\\\/fr.linkedin.com\\\/in\\\/comedepreville\"]}]}<\/script>\n<!-- \/ Yoast SEO plugin. -->","yoast_head_json":{"title":"Les r\u00e9fugi\u00e9s de Yeraskh &#8211; Reportage photo de C\u00f4me de Pr\u00e9ville","description":"Sur la fronti\u00e8re arm\u00e9no-az\u00e9rie, un regard sur les familles r\u00e9fugi\u00e9es du Haut-Karabagh tentent de reprendre pied apr\u00e8s l\u2019offensive de 2023.","robots":{"index":"index","follow":"follow","max-snippet":"max-snippet:-1","max-image-preview":"max-image-preview:large","max-video-preview":"max-video-preview:-1"},"canonical":"https:\/\/comedepreville.fr\/en\/reportage\/les-refugies-de-yeraskh\/","og_locale":"en_GB","og_type":"article","og_title":"Les r\u00e9fugi\u00e9s de Yeraskh &#8211; Reportage photo de C\u00f4me de Pr\u00e9ville","og_description":"Sur la fronti\u00e8re arm\u00e9no-az\u00e9rie, un regard sur les familles r\u00e9fugi\u00e9es du Haut-Karabagh tentent de reprendre pied apr\u00e8s l\u2019offensive de 2023.","og_url":"https:\/\/comedepreville.fr\/en\/reportage\/les-refugies-de-yeraskh\/","og_site_name":"C\u00f4me de Pr\u00e9ville","article_publisher":"fb.me\/comedepreville","article_author":"fb.me\/comedepreville","article_published_time":"2025-02-28T14:31:24+00:00","article_modified_time":"2025-03-03T09:48:21+00:00","og_image":[{"width":2500,"height":1667,"url":"https:\/\/comedepreville.fr\/wp-content\/uploads\/2025\/01\/CDP_6978_web.jpg","type":"image\/jpeg"}],"author":"C\u00f4me de Pr\u00e9ville","twitter_card":"summary_large_image","twitter_creator":"@sailing_coco","twitter_site":"@sailing_coco","twitter_misc":{"Written by":"C\u00f4me de Pr\u00e9ville","Estimated reading time":"13 minutes"},"schema":{"@context":"https:\/\/schema.org","@graph":[{"@type":"Article","@id":"https:\/\/comedepreville.fr\/reportage\/les-refugies-de-yeraskh\/#article","isPartOf":{"@id":"https:\/\/comedepreville.fr\/reportage\/les-refugies-de-yeraskh\/"},"author":{"name":"C\u00f4me de Pr\u00e9ville","@id":"https:\/\/comedepreville.fr\/#\/schema\/person\/7e4b1911f4e6fdf5ed92275b0ef5b9e7"},"headline":"Les r\u00e9fugi\u00e9s de Yeraskh","datePublished":"2025-02-28T14:31:24+00:00","dateModified":"2025-03-03T09:48:21+00:00","mainEntityOfPage":{"@id":"https:\/\/comedepreville.fr\/reportage\/les-refugies-de-yeraskh\/"},"wordCount":2621,"publisher":{"@id":"https:\/\/comedepreville.fr\/#\/schema\/person\/7e4b1911f4e6fdf5ed92275b0ef5b9e7"},"image":{"@id":"https:\/\/comedepreville.fr\/reportage\/les-refugies-de-yeraskh\/#primaryimage"},"thumbnailUrl":"https:\/\/comedepreville.fr\/wp-content\/uploads\/2025\/01\/CDP_6978_web.jpg","keywords":["2024"],"articleSection":["Reportage"],"inLanguage":"en-GB"},{"@type":"WebPage","@id":"https:\/\/comedepreville.fr\/reportage\/les-refugies-de-yeraskh\/","url":"https:\/\/comedepreville.fr\/reportage\/les-refugies-de-yeraskh\/","name":"Les r\u00e9fugi\u00e9s de Yeraskh &#8211; Reportage photo de C\u00f4me de Pr\u00e9ville","isPartOf":{"@id":"https:\/\/comedepreville.fr\/#website"},"primaryImageOfPage":{"@id":"https:\/\/comedepreville.fr\/reportage\/les-refugies-de-yeraskh\/#primaryimage"},"image":{"@id":"https:\/\/comedepreville.fr\/reportage\/les-refugies-de-yeraskh\/#primaryimage"},"thumbnailUrl":"https:\/\/comedepreville.fr\/wp-content\/uploads\/2025\/01\/CDP_6978_web.jpg","datePublished":"2025-02-28T14:31:24+00:00","dateModified":"2025-03-03T09:48:21+00:00","description":"Sur la fronti\u00e8re arm\u00e9no-az\u00e9rie, un regard sur les familles r\u00e9fugi\u00e9es du Haut-Karabagh tentent de reprendre pied apr\u00e8s l\u2019offensive de 2023.","breadcrumb":{"@id":"https:\/\/comedepreville.fr\/reportage\/les-refugies-de-yeraskh\/#breadcrumb"},"inLanguage":"en-GB","potentialAction":[{"@type":"ReadAction","target":["https:\/\/comedepreville.fr\/reportage\/les-refugies-de-yeraskh\/"]}]},{"@type":"ImageObject","inLanguage":"en-GB","@id":"https:\/\/comedepreville.fr\/reportage\/les-refugies-de-yeraskh\/#primaryimage","url":"https:\/\/comedepreville.fr\/wp-content\/uploads\/2025\/01\/CDP_6978_web.jpg","contentUrl":"https:\/\/comedepreville.fr\/wp-content\/uploads\/2025\/01\/CDP_6978_web.jpg","width":2500,"height":1667,"caption":"Je suis saisi du contraste entre ma pauvret\u00e9 du lieu (les murs crasseux, le sol d\u00e9salign\u00e9, le lit-banquette comme unique mobilier) et la t\u00e9l\u00e9vision d\u00e9bitant son programme de t\u00e9l\u00e9-r\u00e9alit\u00e9 arm\u00e9nien"},{"@type":"BreadcrumbList","@id":"https:\/\/comedepreville.fr\/reportage\/les-refugies-de-yeraskh\/#breadcrumb","itemListElement":[{"@type":"ListItem","position":1,"name":"Accueil","item":"https:\/\/comedepreville.fr\/"},{"@type":"ListItem","position":2,"name":"Les r\u00e9fugi\u00e9s de Yeraskh"}]},{"@type":"WebSite","@id":"https:\/\/comedepreville.fr\/#website","url":"https:\/\/comedepreville.fr\/","name":"C\u00f4me de Pr\u00e9ville","description":"Photoreporter","publisher":{"@id":"https:\/\/comedepreville.fr\/#\/schema\/person\/7e4b1911f4e6fdf5ed92275b0ef5b9e7"},"potentialAction":[{"@type":"SearchAction","target":{"@type":"EntryPoint","urlTemplate":"https:\/\/comedepreville.fr\/?s={search_term_string}"},"query-input":{"@type":"PropertyValueSpecification","valueRequired":true,"valueName":"search_term_string"}}],"inLanguage":"en-GB"},{"@type":["Person","Organization"],"@id":"https:\/\/comedepreville.fr\/#\/schema\/person\/7e4b1911f4e6fdf5ed92275b0ef5b9e7","name":"C\u00f4me de Pr\u00e9ville","image":{"@type":"ImageObject","inLanguage":"en-GB","@id":"https:\/\/comedepreville.fr\/wp-content\/uploads\/2021\/11\/Fichier-3.png","url":"https:\/\/comedepreville.fr\/wp-content\/uploads\/2021\/11\/Fichier-3.png","contentUrl":"https:\/\/comedepreville.fr\/wp-content\/uploads\/2021\/11\/Fichier-3.png","width":800,"height":166,"caption":"C\u00f4me de Pr\u00e9ville"},"logo":{"@id":"https:\/\/comedepreville.fr\/wp-content\/uploads\/2021\/11\/Fichier-3.png"},"sameAs":["http:\/\/comedepreville.fr","fb.me\/comedepreville","https:\/\/www.instagram.com\/comedepreville\/","https:\/\/fr.linkedin.com\/in\/comedepreville"]}]}},"_links":{"self":[{"href":"https:\/\/comedepreville.fr\/en\/wp-json\/wp\/v2\/posts\/4768","targetHints":{"allow":["GET"]}}],"collection":[{"href":"https:\/\/comedepreville.fr\/en\/wp-json\/wp\/v2\/posts"}],"about":[{"href":"https:\/\/comedepreville.fr\/en\/wp-json\/wp\/v2\/types\/post"}],"author":[{"embeddable":true,"href":"https:\/\/comedepreville.fr\/en\/wp-json\/wp\/v2\/users\/1"}],"replies":[{"embeddable":true,"href":"https:\/\/comedepreville.fr\/en\/wp-json\/wp\/v2\/comments?post=4768"}],"version-history":[{"count":50,"href":"https:\/\/comedepreville.fr\/en\/wp-json\/wp\/v2\/posts\/4768\/revisions"}],"predecessor-version":[{"id":4835,"href":"https:\/\/comedepreville.fr\/en\/wp-json\/wp\/v2\/posts\/4768\/revisions\/4835"}],"wp:featuredmedia":[{"embeddable":true,"href":"https:\/\/comedepreville.fr\/en\/wp-json\/wp\/v2\/media\/3600"}],"wp:attachment":[{"href":"https:\/\/comedepreville.fr\/en\/wp-json\/wp\/v2\/media?parent=4768"}],"wp:term":[{"taxonomy":"category","embeddable":true,"href":"https:\/\/comedepreville.fr\/en\/wp-json\/wp\/v2\/categories?post=4768"},{"taxonomy":"post_tag","embeddable":true,"href":"https:\/\/comedepreville.fr\/en\/wp-json\/wp\/v2\/tags?post=4768"}],"curies":[{"name":"wp","href":"https:\/\/api.w.org\/{rel}","templated":true}]}}